{"id":627,"date":"2019-04-26T05:09:33","date_gmt":"2019-04-26T03:09:33","guid":{"rendered":"https:\/\/uj.mezosuli.hu\/?p=627"},"modified":"2026-03-17T10:52:53","modified_gmt":"2026-03-17T09:52:53","slug":"bekeskampany2019","status":"publish","type":"post","link":"https:\/\/mezosuli.hu\/?p=627","title":{"rendered":"B\u00e9k\u00e9s kamp\u00e1ny2019"},"content":{"rendered":"<div class=\"txF_raleway tx16t\" style=\"margin-bottom: 15px;\">\n<p class=\"tx_headline txc_green\">\u201eIlyen a mi B\u00e9k\u00e9s iskol\u00e1nk!\u201d<\/p>\n<hr \/>\n<p style=\"text-align: center;\"><span style=\"font-size: 14pt;\"><strong>B\u00e9k\u00e9s kamp\u00e1ny a k\u00f6sz\u00f6n\u00e9s jegy\u00e9ben<\/strong><br \/><\/span><\/p>\n<p style=\"text-align: justify;\"><span style=\"font-size: 12pt;\">Iskol\u00e1nk 2016-ban csatlakozott a B\u00e9k\u00e9s iskol\u00e1k kezdem\u00e9nyez\u00e9shez, mely egy hossz\u00fa t\u00e1v\u00fa program az iskolai agresszi\u00f3 megel\u0151z\u00e9s\u00e9re, illetve a konfliktusok b\u00e9k\u00e9s kezel\u00e9s\u00e9re. (A programr\u00f3l b\u0151vebb inform\u00e1ci\u00f3: <a href=\"http:\/\/www.bekesiskolak.hu\" target=\"_blank\" rel=\"noopener\">www.bekesiskolak.hu<\/a>)<\/span><\/p>\n<p style=\"text-align: justify;\"><span style=\"font-size: 12pt;\"><a href=\"http:\/\/www.bekesiskolak.hu) \"><\/a><\/span><span style=\"font-size: 12pt;\">A <strong>2019. \u00e1prilis 29.<\/strong> \u00e9s <strong>m\u00e1jus 03.<\/strong> k\u00f6z\u00f6tt megrendez\u00e9sre ker\u00fcl\u0151 kamp\u00e1ny c\u00e9lja a B\u00e9k\u00e9s iskol\u00e1k program szeml\u00e9let\u00e9nek \u00e9s \u00fczenet\u00e9nek&nbsp;er\u0151s\u00edt\u00e9se iskol\u00e1nkban.<\/span><\/p>\n<p style=\"text-align: justify;\"><span style=\"font-size: 12pt;\"><\/span><span style=\"font-size: 12pt;\"><strong style=\"font-size: 12pt; background-color: inherit; color: inherit;\">A kamp\u00e1ny f\u0151 t\u00e9m\u00e1ja:<\/strong><span style=\"font-size: 12pt; background-color: inherit; color: inherit;\"> a k\u00f6sz\u00f6n\u00e9s, mint az egym\u00e1sra figyel\u00e9s, az egym\u00e1s ir\u00e1nti tisztelet kifejez\u00e9s\u00e9nek m\u00f3dja. A kamp\u00e1ny het\u00e9ben <strong>SE<\/strong> felejts\u00fcnk el k\u00f6sz\u00f6nni egym\u00e1snak!<\/span><\/span><\/p>\n<p><img loading=\"lazy\" decoding=\"async\" class=\" size-full wp-image-626\" style=\"margin: 0px auto; vertical-align: top; display: block;\" src=\"https:\/\/uj.mezosuli.hu\/wp-content\/uploads\/2019\/04\/bekes.png\" alt=\"Verseny - 3. helyez\u00e9s\" width=\"90\" height=\"50\" \/><em><span style=\"font-size: 12pt;\"><\/span><\/em><\/p>\n<div>&nbsp;<\/div>\n<div class=\"txF_raleway tx16t\" style=\"padding-bottom: 5px; text-align: center;\"><em><span style=\"font-size: 12pt;\">\u201eOlykor el\u00e9g egy kedves sz\u00f3. Egy k\u00f6sz\u00f6n\u00e9s. Egy mosoly. Ilyen kev\u00e9s dolog el\u00e9g ahhoz, hogy&nbsp;<\/span><\/em><\/p>\n<div class=\"txF_raleway tx16t\" style=\"padding-bottom: 5px; text-align: center;\"><em><span style=\"font-size: 12pt;\"><\/span><\/em><em><span style=\"font-size: 12pt;\">boldogg\u00e1 tegy\u00fck azokat, akik k\u00f6r\u00fcl\u00f6tt\u00fcnk \u00e9lnek. Akkor mi\u00e9rt nem tessz\u00fck ezt?\u201d<\/span><\/em><\/p>\n<div class=\"txF_raleway tx16t\" style=\"padding-bottom: 5px; text-align: right;\"><em><span style=\"font-size: 12pt;\"><\/span><\/em><span style=\"font-size: 12pt;\">\/Ferrero\/&nbsp;<\/span>&nbsp;<\/div>\n<div class=\"txF_raleway tx14x\" style=\"text-align: center; line-height: 20px; margin-top: 10px;\">\n<p style=\"float: right;\">B\u00e9k\u00e9s team<\/p>\n<\/div>\n<\/div>\n<\/div>\n<\/div>\n","protected":false},"excerpt":{"rendered":"<p>\u201eIlyen a mi B\u00e9k\u00e9s iskol\u00e1nk!\u201d B\u00e9k\u00e9s kamp\u00e1ny a k\u00f6sz\u00f6n\u00e9s jegy\u00e9ben Iskol\u00e1nk 2016-ban csatlakozott a B\u00e9k\u00e9s iskol\u00e1k kezdem\u00e9nyez\u00e9shez, mely egy hossz\u00fa t\u00e1v\u00fa program az iskolai agresszi\u00f3 megel\u0151z\u00e9s\u00e9re, illetve a konfliktusok b\u00e9k\u00e9s&hellip;<\/p>\n","protected":false},"author":1,"featured_media":626,"comment_status":"closed","ping_status":"open","sticky":false,"template":"","format":"standard","meta":{"_jetpack_memberships_contains_paid_content":false,"footnotes":""},"categories":[41,52],"tags":[],"class_list":["post-627","post","type-post","status-publish","format-standard","has-post-thumbnail","hentry","category-2019-hirarchivum","category-bekes-iskola"],"jetpack_featured_media_url":"https:\/\/mezosuli.hu\/wp-content\/uploads\/2019\/04\/bekes.png","jetpack_sharing_enabled":true,"_links":{"self":[{"href":"https:\/\/mezosuli.hu\/index.php?rest_route=\/wp\/v2\/posts\/627","targetHints":{"allow":["GET"]}}],"collection":[{"href":"https:\/\/mezosuli.hu\/index.php?rest_route=\/wp\/v2\/posts"}],"about":[{"href":"https:\/\/mezosuli.hu\/index.php?rest_route=\/wp\/v2\/types\/post"}],"author":[{"embeddable":true,"href":"https:\/\/mezosuli.hu\/index.php?rest_route=\/wp\/v2\/users\/1"}],"replies":[{"embeddable":true,"href":"https:\/\/mezosuli.hu\/index.php?rest_route=%2Fwp%2Fv2%2Fcomments&post=627"}],"version-history":[{"count":1,"href":"https:\/\/mezosuli.hu\/index.php?rest_route=\/wp\/v2\/posts\/627\/revisions"}],"predecessor-version":[{"id":2453,"href":"https:\/\/mezosuli.hu\/index.php?rest_route=\/wp\/v2\/posts\/627\/revisions\/2453"}],"wp:featuredmedia":[{"embeddable":true,"href":"https:\/\/mezosuli.hu\/index.php?rest_route=\/wp\/v2\/media\/626"}],"wp:attachment":[{"href":"https:\/\/mezosuli.hu\/index.php?rest_route=%2Fwp%2Fv2%2Fmedia&parent=627"}],"wp:term":[{"taxonomy":"category","embeddable":true,"href":"https:\/\/mezosuli.hu\/index.php?rest_route=%2Fwp%2Fv2%2Fcategories&post=627"},{"taxonomy":"post_tag","embeddable":true,"href":"https:\/\/mezosuli.hu\/index.php?rest_route=%2Fwp%2Fv2%2Ftags&post=627"}],"curies":[{"name":"wp","href":"https:\/\/api.w.org\/{rel}","templated":true}]}}