{"id":633,"date":"2019-05-06T04:59:50","date_gmt":"2019-05-06T02:59:50","guid":{"rendered":"https:\/\/uj.mezosuli.hu\/?p=633"},"modified":"2026-03-17T10:52:53","modified_gmt":"2026-03-17T09:52:53","slug":"okokirandulas-sas-hegy","status":"publish","type":"post","link":"https:\/\/mezosuli.hu\/?p=633","title":{"rendered":"\u00d6kokir\u00e1ndul\u00e1s &#8211; Sas-hegy"},"content":{"rendered":"<hr \/>\n<div align=\"center\">\n<section style=\"font-size: 16px;\">\n<p style=\"font-size: 16px; text-align: left;\"><span style=\"color: #ff6600; font-size: 20pt; font-variant-caps: small-caps; letter-spacing: 1px;\"><span style=\"color: #008000;\">\u00d6ko<\/span>kir\u00e1ndul\u00e1s &#8211; 2019. m\u00e1jus 18. (szombat)<\/span><\/p>\n<p><span style=\"font-size: 14pt;\"><img loading=\"lazy\" decoding=\"async\" class=\" size-full wp-image-632\" src=\"https:\/\/uj.mezosuli.hu\/wp-content\/uploads\/2019\/05\/sas.jpg\" alt=\"merzse mocsar 550px\" width=\"398\" height=\"298\" srcset=\"https:\/\/mezosuli.hu\/wp-content\/uploads\/2019\/05\/sas.jpg 1600w, https:\/\/mezosuli.hu\/wp-content\/uploads\/2019\/05\/sas-300x225.jpg 300w, https:\/\/mezosuli.hu\/wp-content\/uploads\/2019\/05\/sas-1024x768.jpg 1024w, https:\/\/mezosuli.hu\/wp-content\/uploads\/2019\/05\/sas-768x576.jpg 768w, https:\/\/mezosuli.hu\/wp-content\/uploads\/2019\/05\/sas-1536x1152.jpg 1536w\" sizes=\"auto, (max-width: 398px) 100vw, 398px\" \/><\/span><\/p>\n<p style=\"text-align: justify;\"><span style=\"font-size: 18.6667px;\"><strong><span style=\"font-size: 18.6667px;\">Kedves Gyerekek, kedves Sz\u00fcl\u0151k!&nbsp;<\/span><\/strong><\/span><\/p>\n<p style=\"text-align: justify;\"><span style=\"font-size: 18.6667px;\">M\u00e1jus 18-\u00e1n \u00d6KO-kir\u00e1ndul\u00e1st szervez\u00fcnk Budapest egyik gy\u00f6ngyszem\u00e9hez, a Sas-hegyre.&nbsp;<\/span><span style=\"font-size: 18.6667px;\">Ha szeretn\u00e9nek gy\u00f6ny\u00f6rk\u00f6dni a csod\u00e1latos k\u00f6rpanor\u00e1m\u00e1ban, az egyed\u00fcl\u00e1ll\u00f3 n\u00f6v\u00e9nyzetben, tartsanak vel\u00fcnk!&nbsp;<\/span><span style=\"font-size: 18.6667px;\">A Sas-hegy fokozottan v\u00e9dett, z\u00e1rt term\u00e9szeti ter\u00fclet, ez\u00e9rt csak vezet\u0151vel j\u00e1rhat\u00f3 k\u00f6rbe.<\/span><\/p>\n<p style=\"text-align: justify;\"><span style=\"font-size: 18.6667px;\"><strong>Bel\u00e9p\u0151jegy:<\/strong> 900 Ft gyerekeknek, feln\u0151tteknek egyar\u00e1nt.&nbsp; &nbsp;<\/span><\/p>\n<p style=\"text-align: justify;\"><span style=\"font-size: 18.6667px;\"><strong>Indul\u00e1s:<\/strong> tal\u00e1lkoz\u00f3 09:00 \u00f3rakor az \u00d6rs vez\u00e9r t\u00e9ren (a gomb\u00e1n\u00e1l).<\/span><\/p>\n<p style=\"text-align: justify;\"><span style=\"font-size: 18.6667px;\"><strong>\u00c9rkez\u00e9s:<\/strong> ugyanide ~13:00-13:30 \u00f3rakor.<\/span><\/p>\n<p style=\"text-align: justify;\"><span style=\"font-size: 18.6667px;\"><\/span><span style=\"font-size: 18.6667px;\"><span><strong>\u00datvonal:<\/strong> <\/span><\/span><\/p>\n<ul>\n<li style=\"text-align: justify;\"><span style=\"font-size: 18.6667px;\"><span>oda: M2-vel az Ast\u00f3ri\u00e1ig, majd 8E<\/span><\/span><\/li>\n<li style=\"text-align: justify;\"><span style=\"font-size: 18.6667px;\"><span>vissza: 59-es villamossal a Sz\u00e9ll K\u00e1lm\u00e1n t\u00e9rig, majd M2<\/span><\/span><\/li>\n<\/ul>\n<p style=\"text-align: justify;\"><span style=\"font-size: 18.6667px;\"><span><strong>Sz\u00fcks\u00e9ges:<\/strong> BKK-b\u00e9rlet, vagy p\u00e9nz a csoportos napijegyre, t\u00edz\u00f3rai, innival\u00f3, l\u00e1tcs\u0151, es\u0151kab\u00e1t, napsapka, k\u00e9nyelmes, k\u00f6nny\u0171 t\u00far\u00e1ra alkalmas cip\u0151.&nbsp;<\/span><\/span><\/p>\n<p style=\"text-align: left;\"><span style=\"font-size: 14pt;\"><strong><span style=\"font-size: 18.6667px;\">Jelentkez\u00e9s:<\/span><\/strong><\/span><span style=\"font-size: 14pt;\"><span style=\"font-size: 18.6667px;\"> <\/span><\/span><span style=\"font-size: 14pt;\"><span style=\"font-size: 18.6667px;\">m\u00e1jus 17-ig a bel\u00e9p\u0151jegy \u00e1r\u00e1nak n\u00e9vvel ell\u00e1tott bor\u00edt\u00e9kban t\u00f6rt\u00e9n\u0151 befizet\u00e9s\u00e9vel.<\/span><\/span><\/p>\n<p style=\"text-align: left;\"><span style=\"font-size: 14pt;\"><span style=\"font-size: 18.6667px;\">\u00dc<\/span><\/span><span style=\"font-size: 14pt;\"><span style=\"font-size: 18.6667px;\">dv\u00f6zlettel: Sas \u00c1gi n\u00e9ni, Csics\u00e1k Edina n\u00e9ni<\/span><\/span><\/p>\n<div style=\"font-size: 16px;\" align=\"center\">\n<div>\n<p style=\"float: right;\"><span style=\"font-size: 16px;\">Budapest, 2019. m\u00e1jus 6.<br \/><\/span><\/p>\n<\/div>\n<\/div>\n<\/section>\n<\/div>\n","protected":false},"excerpt":{"rendered":"<p>\u00d6kokir\u00e1ndul\u00e1s &#8211; 2019. m\u00e1jus 18. (szombat) Kedves Gyerekek, kedves Sz\u00fcl\u0151k!&nbsp; M\u00e1jus 18-\u00e1n \u00d6KO-kir\u00e1ndul\u00e1st szervez\u00fcnk Budapest egyik gy\u00f6ngyszem\u00e9hez, a Sas-hegyre.&nbsp;Ha szeretn\u00e9nek gy\u00f6ny\u00f6rk\u00f6dni a csod\u00e1latos k\u00f6rpanor\u00e1m\u00e1ban, az egyed\u00fcl\u00e1ll\u00f3 n\u00f6v\u00e9nyzetben, tartsanak vel\u00fcnk!&nbsp;A Sas-hegy&hellip;<\/p>\n","protected":false},"author":1,"featured_media":632,"comment_status":"closed","ping_status":"open","sticky":false,"template":"","format":"standard","meta":{"_jetpack_memberships_contains_paid_content":false,"footnotes":""},"categories":[7],"tags":[],"class_list":["post-633","post","type-post","status-publish","format-standard","has-post-thumbnail","hentry","category-oko-hirek"],"jetpack_featured_media_url":"https:\/\/mezosuli.hu\/wp-content\/uploads\/2019\/05\/sas.jpg","jetpack_sharing_enabled":true,"_links":{"self":[{"href":"https:\/\/mezosuli.hu\/index.php?rest_route=\/wp\/v2\/posts\/633","targetHints":{"allow":["GET"]}}],"collection":[{"href":"https:\/\/mezosuli.hu\/index.php?rest_route=\/wp\/v2\/posts"}],"about":[{"href":"https:\/\/mezosuli.hu\/index.php?rest_route=\/wp\/v2\/types\/post"}],"author":[{"embeddable":true,"href":"https:\/\/mezosuli.hu\/index.php?rest_route=\/wp\/v2\/users\/1"}],"replies":[{"embeddable":true,"href":"https:\/\/mezosuli.hu\/index.php?rest_route=%2Fwp%2Fv2%2Fcomments&post=633"}],"version-history":[{"count":1,"href":"https:\/\/mezosuli.hu\/index.php?rest_route=\/wp\/v2\/posts\/633\/revisions"}],"predecessor-version":[{"id":2482,"href":"https:\/\/mezosuli.hu\/index.php?rest_route=\/wp\/v2\/posts\/633\/revisions\/2482"}],"wp:featuredmedia":[{"embeddable":true,"href":"https:\/\/mezosuli.hu\/index.php?rest_route=\/wp\/v2\/media\/632"}],"wp:attachment":[{"href":"https:\/\/mezosuli.hu\/index.php?rest_route=%2Fwp%2Fv2%2Fmedia&parent=633"}],"wp:term":[{"taxonomy":"category","embeddable":true,"href":"https:\/\/mezosuli.hu\/index.php?rest_route=%2Fwp%2Fv2%2Fcategories&post=633"},{"taxonomy":"post_tag","embeddable":true,"href":"https:\/\/mezosuli.hu\/index.php?rest_route=%2Fwp%2Fv2%2Ftags&post=633"}],"curies":[{"name":"wp","href":"https:\/\/api.w.org\/{rel}","templated":true}]}}