{"id":635,"date":"2019-05-14T08:11:16","date_gmt":"2019-05-14T06:11:16","guid":{"rendered":"https:\/\/uj.mezosuli.hu\/?p=635"},"modified":"2026-03-17T10:52:52","modified_gmt":"2026-03-17T09:52:52","slug":"oko-hirek-2019-05-14","status":"publish","type":"post","link":"https:\/\/mezosuli.hu\/?p=635","title":{"rendered":"\u00d6ko h\u00edrek 2019.05.14."},"content":{"rendered":"<hr \/>\n<div class=\"txF_raleway tx16t\" style=\"padding-bottom: 5px;\">\n<p class=\"tx_headline tx20t\">M\u00e1jus:<\/p>\n<div class=\"txF_raleway tx16t\" style=\"padding-bottom: 5px;\">\n<p><strong><span style=\"font-size: 14pt;\">Iskolai programok:<\/span><\/strong><\/p>\n<p><strong><span style=\"font-size: 14pt;\"><\/span><\/strong><span style=\"font-size: 14pt;\"><strong>M\u00e1jus 8-9. <\/strong>: <\/span><\/p>\n<ul>\n<li><span style=\"font-size: 14pt;\">Pap\u00edrgy\u0171jt\u00e9s<\/span><\/li>\n<\/ul>\n<p><span style=\"font-size: 14pt;\"><\/span><span style=\"font-size: 14pt;\"><strong>M\u00e1jus 10. <\/strong>:&nbsp; <\/span><\/p>\n<ul>\n<li><span style=\"font-size: 14pt;\">Madarak \u00e9s F\u00e1k Napja<\/span><\/li>\n<li><span style=\"font-size: 14pt;\"><\/span><span style=\"font-size: 14pt;\">Rajzp\u00e1ly\u00e1zat<\/span><\/li>\n<li><span style=\"font-size: 14pt;\"><\/span><span style=\"font-size: 14pt;\">Gy\u0171jt\u0151munka a madarakr\u00f3l \u00e9s a f\u00e1kr\u00f3l<\/span><\/li>\n<li><span style=\"font-size: 14pt;\"><\/span><span style=\"font-size: 14pt;\">El\u0151ad\u00e1s a madarakr\u00f3l<\/span><\/li>\n<li><span style=\"font-size: 14pt;\"><\/span><span style=\"font-size: 14pt;\">Mad\u00e1rod\u00fak megfigyel\u00e9se az iskola kertj\u00e9ben<\/span><\/li>\n<li><span style=\"font-size: 14pt;\"><\/span><span style=\"font-size: 14pt;\">A PAL\u00c1NTAV\u00c1S\u00c1R elmarad!<\/span><\/li>\n<\/ul>\n<p><span style=\"font-size: 14pt;\"><\/span><span style=\"font-size: 14pt;\"><strong>M\u00e1jus 18.<\/strong>: <\/span><\/p>\n<ul>\n<li><span style=\"font-size: 14pt;\">\u00d6KO-t\u00fara a Sas-hegyre<\/span><\/li>\n<li><span style=\"font-size: 14pt;\">A kir\u00e1ndul\u00e1s r\u00e9szleteit az iskola honlapj\u00e1nakl f\u0151oldal\u00e1n olvashatj\u00e1k<\/span><\/li>\n<\/ul>\n<p><span style=\"font-size: 14pt;\"><\/span><strong style=\"font-size: 14pt; background-color: inherit; color: inherit;\">M\u00e1jus 19.<\/strong><span style=\"font-size: 14pt; background-color: inherit; color: inherit;\">: <\/span><\/p>\n<ul>\n<li><span style=\"font-size: 14pt; background-color: inherit; color: inherit;\">Forr\u00e1svizek napja<\/span><\/li>\n<\/ul>\n<\/div>\n<p><strong><span style=\"font-size: 14pt;\">Folyamatos feladatok:<\/span><\/strong><\/p>\n<ul style=\"list-style-type: circle;\">\n<li><span style=\"font-size: 14pt;\"><\/span><span style=\"font-size: 14pt;\">A kiskert \u00e9s a f\u0171szerkert gondoz\u00e1sa, \u00e1pol\u00e1sa.<\/span><\/li>\n<li><span style=\"font-size: 14pt;\"><\/span><span style=\"font-size: 14pt;\">S\u00e9ta az iskola kertj\u00e9ben, az iskola k\u00f6rny\u00e9k\u00e9n \u00e9s a v\u00e9delem al\u00e1 vett R\u00e1kos-patak partj\u00e1n.<\/span><\/li>\n<li><span style=\"font-size: 14pt;\"><\/span><span style=\"font-size: 14pt;\">A term\u00e9szet megfigyel\u00e9se, n\u00f6v\u00e9nyfelismer\u00e9sek, terepgyakorlatok.<\/span><\/li>\n<li><span style=\"font-size: 14pt;\"><\/span><span style=\"font-size: 14pt;\">A komposzt\u00e1l\u00f3 \u00e1tforgat\u00e1s\u00e1nak, \u00e9l\u0151vil\u00e1g\u00e1nak megfigyel\u00e9se.<\/span><\/li>\n<li><span style=\"font-size: 14pt;\"><\/span><span style=\"font-size: 14pt;\">M\u0171anyag kupakok gy\u0171jt\u00e9se.<\/span><span class=\"txc_red\" style=\"font-variant-caps: small-caps;\">&nbsp;<\/span><\/li>\n<\/ul>\n<p style=\"float: left;\"><span style=\"font-size: 12pt;\">\u00d6ko munkacsoport<\/span><\/p>\n<div style=\"left: 0; position: relative;\">\n<p style=\"float: right;\"><span style=\"font-size: 12pt;\">Budapest, 2019. m\u00e1jus<br \/><\/span><\/p>\n<\/div>\n<\/div>\n","protected":false},"excerpt":{"rendered":"<p>M\u00e1jus: Iskolai programok: M\u00e1jus 8-9. : Pap\u00edrgy\u0171jt\u00e9s M\u00e1jus 10. :&nbsp; Madarak \u00e9s F\u00e1k Napja Rajzp\u00e1ly\u00e1zat Gy\u0171jt\u0151munka a madarakr\u00f3l \u00e9s a f\u00e1kr\u00f3l El\u0151ad\u00e1s a madarakr\u00f3l Mad\u00e1rod\u00fak megfigyel\u00e9se az iskola kertj\u00e9ben A&hellip;<\/p>\n","protected":false},"author":1,"featured_media":0,"comment_status":"closed","ping_status":"open","sticky":false,"template":"","format":"standard","meta":{"_jetpack_memberships_contains_paid_content":false,"footnotes":""},"categories":[7],"tags":[],"class_list":["post-635","post","type-post","status-publish","format-standard","hentry","category-oko-hirek"],"jetpack_featured_media_url":"","jetpack_sharing_enabled":true,"_links":{"self":[{"href":"https:\/\/mezosuli.hu\/index.php?rest_route=\/wp\/v2\/posts\/635","targetHints":{"allow":["GET"]}}],"collection":[{"href":"https:\/\/mezosuli.hu\/index.php?rest_route=\/wp\/v2\/posts"}],"about":[{"href":"https:\/\/mezosuli.hu\/index.php?rest_route=\/wp\/v2\/types\/post"}],"author":[{"embeddable":true,"href":"https:\/\/mezosuli.hu\/index.php?rest_route=\/wp\/v2\/users\/1"}],"replies":[{"embeddable":true,"href":"https:\/\/mezosuli.hu\/index.php?rest_route=%2Fwp%2Fv2%2Fcomments&post=635"}],"version-history":[{"count":1,"href":"https:\/\/mezosuli.hu\/index.php?rest_route=\/wp\/v2\/posts\/635\/revisions"}],"predecessor-version":[{"id":3279,"href":"https:\/\/mezosuli.hu\/index.php?rest_route=\/wp\/v2\/posts\/635\/revisions\/3279"}],"wp:attachment":[{"href":"https:\/\/mezosuli.hu\/index.php?rest_route=%2Fwp%2Fv2%2Fmedia&parent=635"}],"wp:term":[{"taxonomy":"category","embeddable":true,"href":"https:\/\/mezosuli.hu\/index.php?rest_route=%2Fwp%2Fv2%2Fcategories&post=635"},{"taxonomy":"post_tag","embeddable":true,"href":"https:\/\/mezosuli.hu\/index.php?rest_route=%2Fwp%2Fv2%2Ftags&post=635"}],"curies":[{"name":"wp","href":"https:\/\/api.w.org\/{rel}","templated":true}]}}