{"id":644,"date":"2019-05-17T10:57:04","date_gmt":"2019-05-17T08:57:04","guid":{"rendered":"https:\/\/uj.mezosuli.hu\/?p=644"},"modified":"2026-03-17T10:52:52","modified_gmt":"2026-03-17T09:52:52","slug":"mezo-dij-2019","status":"publish","type":"post","link":"https:\/\/mezosuli.hu\/?p=644","title":{"rendered":"Mez\u0151 d\u00edj 2019"},"content":{"rendered":"<hr \/>\n<div align=\"center\">\n<section style=\"font-size: 16px;\">\n<p style=\"font-size: 16px; text-align: left;\"><span style=\"color: #ff6600; font-size: 20pt; font-variant-caps: small-caps; letter-spacing: 1px;\"><span style=\"color: #008000;\">A 2018-2019 <\/span>-es tan\u00e9v d\u00edjazottjai:<\/span><\/p>\n<p><span style=\"font-size: 14pt;\"><img loading=\"lazy\" decoding=\"async\" class=\" size-full wp-image-636\" src=\"https:\/\/uj.mezosuli.hu\/wp-content\/uploads\/2019\/05\/dijazottak.jpg\" alt=\"dijazottak\" width=\"504\" height=\"378\" srcset=\"https:\/\/mezosuli.hu\/wp-content\/uploads\/2019\/05\/dijazottak.jpg 1652w, https:\/\/mezosuli.hu\/wp-content\/uploads\/2019\/05\/dijazottak-300x225.jpg 300w, https:\/\/mezosuli.hu\/wp-content\/uploads\/2019\/05\/dijazottak-1024x768.jpg 1024w, https:\/\/mezosuli.hu\/wp-content\/uploads\/2019\/05\/dijazottak-768x576.jpg 768w, https:\/\/mezosuli.hu\/wp-content\/uploads\/2019\/05\/dijazottak-1536x1152.jpg 1536w\" sizes=\"auto, (max-width: 504px) 100vw, 504px\" \/><\/span><\/p>\n<p style=\"text-align: justify;\"><span style=\"font-size: 18.6667px;\"><span style=\"font-size: 18.6667px;\">Mez\u0151-d\u00edj: J\u00f3n\u00e1s Judit tan\u00edt\u00f3<\/span><strong><span style=\"font-size: 18.6667px;\">&nbsp;<\/span><\/strong><\/span><\/p>\n<p><span style=\"font-size: 14pt;\"><img loading=\"lazy\" decoding=\"async\" class=\" size-full wp-image-637\" src=\"https:\/\/uj.mezosuli.hu\/wp-content\/uploads\/2019\/05\/jjudit.jpg\" alt=\"jjudit\" width=\"228\" height=\"300\" srcset=\"https:\/\/mezosuli.hu\/wp-content\/uploads\/2019\/05\/jjudit.jpg 1940w, https:\/\/mezosuli.hu\/wp-content\/uploads\/2019\/05\/jjudit-227x300.jpg 227w, https:\/\/mezosuli.hu\/wp-content\/uploads\/2019\/05\/jjudit-776x1024.jpg 776w, https:\/\/mezosuli.hu\/wp-content\/uploads\/2019\/05\/jjudit-768x1013.jpg 768w, https:\/\/mezosuli.hu\/wp-content\/uploads\/2019\/05\/jjudit-1164x1536.jpg 1164w, https:\/\/mezosuli.hu\/wp-content\/uploads\/2019\/05\/jjudit-1552x2048.jpg 1552w\" sizes=\"auto, (max-width: 228px) 100vw, 228px\" \/><\/span><\/p>\n<p style=\"text-align: justify;\"><span style=\"font-size: 18.6667px;\"><span style=\"font-size: 18.6667px;\">Mez\u0151-d\u00edj Oklevele: Dankovics Dominika 8.c oszt\u00e1lyos tanul\u00f3<\/span><strong><span style=\"font-size: 18.6667px;\">&nbsp;<\/span><\/strong><\/span><\/p>\n<p><span style=\"font-size: 14pt;\"><img loading=\"lazy\" decoding=\"async\" class=\" size-full wp-image-638\" src=\"https:\/\/uj.mezosuli.hu\/wp-content\/uploads\/2019\/05\/ddominika.jpg\" alt=\"ddominika\" width=\"237\" height=\"313\" \/><\/span><\/p>\n<p style=\"text-align: justify;\"><span style=\"font-size: 18.6667px;\"><span style=\"font-size: 18.6667px;\">Mez\u0151 Eml\u00e9k\u00e9rem: Rimasz\u00e9csi Laura 8.d oszt\u00e1ly<\/span><strong><span style=\"font-size: 18.6667px;\">&nbsp;<\/span><\/strong><\/span><\/p>\n<p><span style=\"font-size: 14pt;\"><img loading=\"lazy\" decoding=\"async\" class=\" size-full wp-image-639\" src=\"https:\/\/uj.mezosuli.hu\/wp-content\/uploads\/2019\/05\/rlaura.jpg\" alt=\"rlaura\" width=\"247\" height=\"326\" \/><\/span><\/p>\n<p style=\"text-align: justify;\"><span style=\"font-size: 18.6667px;\"><span style=\"font-size: 18.6667px;\">valamint Eperjesi Kata 8.d oszt\u00e1ly<\/span><strong><span style=\"font-size: 18.6667px;\">&nbsp;<\/span><\/strong><\/span><\/p>\n<p><span style=\"font-size: 14pt;\"><img loading=\"lazy\" decoding=\"async\" class=\" size-full wp-image-640\" src=\"https:\/\/uj.mezosuli.hu\/wp-content\/uploads\/2019\/05\/ekata.jpg\" alt=\"ekata\" width=\"250\" height=\"297\" \/><\/span><\/p>\n<p style=\"text-align: justify;\"><span style=\"font-size: 18.6667px;\"><span style=\"font-size: 18.6667px;\">\u00e9s \u00d6ly\u00fcs Vir\u00e1g 8.d oszt\u00e1ly<\/span><strong><span style=\"font-size: 18.6667px;\">&nbsp;<\/span><\/strong><\/span><\/p>\n<p><span style=\"font-size: 14pt;\"><img loading=\"lazy\" decoding=\"async\" class=\" size-full wp-image-641\" src=\"https:\/\/uj.mezosuli.hu\/wp-content\/uploads\/2019\/05\/ovirag.jpg\" alt=\"ovirag\" width=\"249\" height=\"296\" \/><\/span><\/p>\n<p style=\"text-align: justify;\"><span style=\"font-size: 18.6667px;\"><span style=\"font-size: 18.6667px;\">Mez\u0151 Tiszteleti Jelv\u00e9ny: Ol\u00e1h Szonja 8.b<\/span><strong><span style=\"font-size: 18.6667px;\">&nbsp;<\/span><\/strong><\/span><\/p>\n<p><span style=\"font-size: 14pt;\"><img loading=\"lazy\" decoding=\"async\" class=\" size-full wp-image-642\" src=\"https:\/\/uj.mezosuli.hu\/wp-content\/uploads\/2019\/05\/oszonja-scaled.jpg\" alt=\"oszonja\" width=\"251\" height=\"312\" \/><\/span><\/p>\n<p style=\"text-align: justify;\"><span style=\"font-size: 18.6667px;\"><span style=\"font-size: 18.6667px;\">\u00e9s Tar Csenge 8.b<\/span><strong><span style=\"font-size: 18.6667px;\">&nbsp;<\/span><\/strong><\/span><\/p>\n<p><span style=\"font-size: 14pt;\"><img loading=\"lazy\" decoding=\"async\" class=\" size-full wp-image-643\" src=\"https:\/\/uj.mezosuli.hu\/wp-content\/uploads\/2019\/05\/tcsenge.jpg\" alt=\"tcsenge\" width=\"259\" height=\"342\" \/><\/span><\/p>\n<section style=\"font-size: 16px;\"><span style=\"font-size: 14pt;\">Gratul\u00e1lunk a d\u00edjazottaknak!<\/span><\/p>\n<div style=\"font-size: 16px;\" align=\"center\">\n<div>\n<p style=\"float: right;\"><span style=\"font-size: 16px;\">Budapest, 2019. m\u00e1jus 17.<br \/><\/span><\/p>\n<\/div>\n<\/div>\n<\/section>\n<\/section>\n<\/div>\n","protected":false},"excerpt":{"rendered":"<p>A 2018-2019 -es tan\u00e9v d\u00edjazottjai: Mez\u0151-d\u00edj: J\u00f3n\u00e1s Judit tan\u00edt\u00f3&nbsp; Mez\u0151-d\u00edj Oklevele: Dankovics Dominika 8.c oszt\u00e1lyos tanul\u00f3&nbsp; Mez\u0151 Eml\u00e9k\u00e9rem: Rimasz\u00e9csi Laura 8.d oszt\u00e1ly&nbsp; valamint Eperjesi Kata 8.d oszt\u00e1ly&nbsp; \u00e9s \u00d6ly\u00fcs Vir\u00e1g&hellip;<\/p>\n","protected":false},"author":1,"featured_media":636,"comment_status":"closed","ping_status":"open","sticky":false,"template":"","format":"standard","meta":{"_jetpack_memberships_contains_paid_content":false,"footnotes":""},"categories":[41],"tags":[],"class_list":["post-644","post","type-post","status-publish","format-standard","has-post-thumbnail","hentry","category-2019-hirarchivum"],"jetpack_featured_media_url":"https:\/\/mezosuli.hu\/wp-content\/uploads\/2019\/05\/dijazottak.jpg","jetpack_sharing_enabled":true,"_links":{"self":[{"href":"https:\/\/mezosuli.hu\/index.php?rest_route=\/wp\/v2\/posts\/644","targetHints":{"allow":["GET"]}}],"collection":[{"href":"https:\/\/mezosuli.hu\/index.php?rest_route=\/wp\/v2\/posts"}],"about":[{"href":"https:\/\/mezosuli.hu\/index.php?rest_route=\/wp\/v2\/types\/post"}],"author":[{"embeddable":true,"href":"https:\/\/mezosuli.hu\/index.php?rest_route=\/wp\/v2\/users\/1"}],"replies":[{"embeddable":true,"href":"https:\/\/mezosuli.hu\/index.php?rest_route=%2Fwp%2Fv2%2Fcomments&post=644"}],"version-history":[{"count":1,"href":"https:\/\/mezosuli.hu\/index.php?rest_route=\/wp\/v2\/posts\/644\/revisions"}],"predecessor-version":[{"id":2456,"href":"https:\/\/mezosuli.hu\/index.php?rest_route=\/wp\/v2\/posts\/644\/revisions\/2456"}],"wp:featuredmedia":[{"embeddable":true,"href":"https:\/\/mezosuli.hu\/index.php?rest_route=\/wp\/v2\/media\/636"}],"wp:attachment":[{"href":"https:\/\/mezosuli.hu\/index.php?rest_route=%2Fwp%2Fv2%2Fmedia&parent=644"}],"wp:term":[{"taxonomy":"category","embeddable":true,"href":"https:\/\/mezosuli.hu\/index.php?rest_route=%2Fwp%2Fv2%2Fcategories&post=644"},{"taxonomy":"post_tag","embeddable":true,"href":"https:\/\/mezosuli.hu\/index.php?rest_route=%2Fwp%2Fv2%2Ftags&post=644"}],"curies":[{"name":"wp","href":"https:\/\/api.w.org\/{rel}","templated":true}]}}