{"id":646,"date":"2019-06-04T10:11:05","date_gmt":"2019-06-04T08:11:05","guid":{"rendered":"https:\/\/uj.mezosuli.hu\/?p=646"},"modified":"2026-03-17T10:52:52","modified_gmt":"2026-03-17T09:52:52","slug":"technika-verseny","status":"publish","type":"post","link":"https:\/\/mezosuli.hu\/?p=646","title":{"rendered":"Technika verseny"},"content":{"rendered":"<div style=\"font-family: 'Raleway', sans-serif;\" align=\"center\">\n<section style=\"font-size: 16px;\">\n<p style=\"font-size: 16px; text-align: justify; font-family: 'Open Sans', sans-serif; font-weight: 500;\"><span style=\"color: #ff6600; font-size: 20pt; font-variant-caps: small-caps; letter-spacing: 1pt;\">Versenyeredm\u00e9ny!<\/span><\/p>\n<hr \/>\n<p style=\"text-align: justify; line-height: 24px; margin-right: 10px;\"><span style=\"font-size: 14pt;\"><br \/><img loading=\"lazy\" decoding=\"async\" class=\" alignleft size-full wp-image-321\" style=\"margin: 0px 20px 30px 5px; vertical-align: top; display: inline-block; float: left;\" src=\"https:\/\/uj.mezosuli.hu\/wp-content\/uploads\/2018\/02\/verseny_eredmeny_3_helyezet.png\" alt=\"verseny eredmeny 3 helyezet\" width=\"100\" height=\"100\" \/> <img loading=\"lazy\" decoding=\"async\" class=\" alignright size-full wp-image-645\" style=\"margin: 0px 0px 0px 20px; vertical-align: top; display: inline-block; float: right;\" src=\"https:\/\/uj.mezosuli.hu\/wp-content\/uploads\/2019\/06\/technika.png\" alt=\"BalyiCsF\" width=\"400\" height=\"363\" \/><span style=\"padding-top: 25px;\"><span style=\"padding-top: 25px;\">A Technikatan\u00e1rok Orsz\u00e1gos egyes\u00fclete \u00e1ltal meghirdetett Technika \u2013 \u00c9letvitel verseny t\u00e9m\u00e1ja ebben a tan\u00e9vben a \u201eKertt\u0151l az asztalig\u201d volt. A verseny felmen\u0151 rendszer\u0171. <\/span><\/span><\/span><\/p>\n<p style=\"text-align: justify; line-height: 24px; margin-right: 10px;\"><span style=\"font-size: 14pt;\"><span style=\"padding-top: 25px;\"><span style=\"padding-top: 25px;\">A <em>ker\u00fcleti<\/em> fordul\u00f3t <strong>B\u00e1b\u00e1s Zita<\/strong>, <strong>Czudar Fanni<\/strong>, <strong>Kal\u00f3 Brigitta<\/strong> 6.c oszt\u00e1lyos tanul\u00f3kb\u00f3l \u00e1ll\u00f3 csapat megnyerte,<em> f\u0151v\u00e1rosi<\/em> fordul\u00f3n <strong>2. helyez\u00e9st<\/strong> \u00e9rtek el, ami a tov\u00e1bbjut\u00e1st is jelentette az orsz\u00e1gos d\u00f6nt\u0151be. <\/span><\/span><\/span><\/p>\n<p style=\"text-align: justify; line-height: 24px; margin-right: 10px;\"><span style=\"font-size: 14pt;\"><span style=\"padding-top: 25px;\"><span style=\"padding-top: 25px;\"><strong>2019. m\u00e1jus 24-25<\/strong>-\u00e9n ker\u00fclt megrendez\u00e9sre Szegeden az orsz\u00e1gos d\u00f6nt\u0151, ahol iskol\u00e1nk kicsit m\u00f3dosult \u00f6sszet\u00e9tel\u0171 csapata \u2013 <strong>B\u00e1b\u00e1s Zita<\/strong>, <strong>Kal\u00f3 Brigitta<\/strong>, <strong>Kov\u00e1cs Vera<\/strong> <em>orsz\u00e1gos<\/em><strong> 3. helyez\u00e9st<\/strong> \u00e9rtek el. Az elk\u00e9sz\u00edtett modellj\u00fck <strong>2.<\/strong> <strong>helyezett<\/strong> lett. A t\u00e9m\u00e1hoz kapcsol\u00f3d\u00f3 elm\u00e9leti feladatlap meg\u00edr\u00e1sa mellett, gyakorlati feladatk\u00e9nt z\u00f6lds\u00e9geket, gy\u00fcm\u00f6lcs\u00f6ket kellett varrni textilb\u0151l. <strong>Kal\u00f3<\/strong> <strong>Brigitta<\/strong> mind h\u00e1rom fordul\u00f3n a<strong> legjobb elm\u00e9letet \u00edrta, <\/strong>az \u00f6sszes versenyz\u0151 k\u00f6z\u00fcl.<\/span><\/span><\/span><strong style=\"background-color: inherit; color: inherit;\"><span style=\"font-size: 18.6667px; background-color: inherit; color: inherit;\">&nbsp;<\/span><\/strong><\/p>\n<p>&nbsp;<\/p>\n<p style=\"text-align: justify; line-height: 24px; margin-right: 10px;\"><em><span style=\"font-size: 14pt;\"><span style=\"padding-top: 25px;\">Gratul\u00e1lunk!<\/span><\/span><\/em>&nbsp;<\/p>\n<p style=\"text-align: justify; line-height: 24px; margin-right: 10px;\"><em><span style=\"font-size: 14pt;\"><span style=\"padding-top: 25px;\"><\/span><\/span><\/em><span>Budapest, 2019. j\u00fanius 4.<\/span><\/p>\n<\/section>\n<\/div>\n","protected":false},"excerpt":{"rendered":"<p>Versenyeredm\u00e9ny! A Technikatan\u00e1rok Orsz\u00e1gos egyes\u00fclete \u00e1ltal meghirdetett Technika \u2013 \u00c9letvitel verseny t\u00e9m\u00e1ja ebben a tan\u00e9vben a \u201eKertt\u0151l az asztalig\u201d volt. A verseny felmen\u0151 rendszer\u0171. A ker\u00fcleti fordul\u00f3t B\u00e1b\u00e1s Zita, Czudar&hellip;<\/p>\n","protected":false},"author":1,"featured_media":321,"comment_status":"closed","ping_status":"open","sticky":false,"template":"","format":"standard","meta":{"_jetpack_memberships_contains_paid_content":false,"footnotes":""},"categories":[41],"tags":[],"class_list":["post-646","post","type-post","status-publish","format-standard","has-post-thumbnail","hentry","category-2019-hirarchivum"],"jetpack_featured_media_url":"https:\/\/mezosuli.hu\/wp-content\/uploads\/2018\/02\/verseny_eredmeny_3_helyezet.png","jetpack_sharing_enabled":true,"_links":{"self":[{"href":"https:\/\/mezosuli.hu\/index.php?rest_route=\/wp\/v2\/posts\/646","targetHints":{"allow":["GET"]}}],"collection":[{"href":"https:\/\/mezosuli.hu\/index.php?rest_route=\/wp\/v2\/posts"}],"about":[{"href":"https:\/\/mezosuli.hu\/index.php?rest_route=\/wp\/v2\/types\/post"}],"author":[{"embeddable":true,"href":"https:\/\/mezosuli.hu\/index.php?rest_route=\/wp\/v2\/users\/1"}],"replies":[{"embeddable":true,"href":"https:\/\/mezosuli.hu\/index.php?rest_route=%2Fwp%2Fv2%2Fcomments&post=646"}],"version-history":[{"count":1,"href":"https:\/\/mezosuli.hu\/index.php?rest_route=\/wp\/v2\/posts\/646\/revisions"}],"predecessor-version":[{"id":2457,"href":"https:\/\/mezosuli.hu\/index.php?rest_route=\/wp\/v2\/posts\/646\/revisions\/2457"}],"wp:featuredmedia":[{"embeddable":true,"href":"https:\/\/mezosuli.hu\/index.php?rest_route=\/wp\/v2\/media\/321"}],"wp:attachment":[{"href":"https:\/\/mezosuli.hu\/index.php?rest_route=%2Fwp%2Fv2%2Fmedia&parent=646"}],"wp:term":[{"taxonomy":"category","embeddable":true,"href":"https:\/\/mezosuli.hu\/index.php?rest_route=%2Fwp%2Fv2%2Fcategories&post=646"},{"taxonomy":"post_tag","embeddable":true,"href":"https:\/\/mezosuli.hu\/index.php?rest_route=%2Fwp%2Fv2%2Ftags&post=646"}],"curies":[{"name":"wp","href":"https:\/\/api.w.org\/{rel}","templated":true}]}}