{"id":669,"date":"2019-06-23T14:29:15","date_gmt":"2019-06-23T12:29:15","guid":{"rendered":"https:\/\/uj.mezosuli.hu\/?p=669"},"modified":"2026-03-17T10:52:52","modified_gmt":"2026-03-17T09:52:52","slug":"vezetoi-ugyelet-2","status":"publish","type":"post","link":"https:\/\/mezosuli.hu\/?p=669","title":{"rendered":"Vezet\u0151i \u00fcgyelet (2)"},"content":{"rendered":"<hr \/>\n<div>\n<section style=\"font-size: 16px;\">\n<p><img loading=\"lazy\" decoding=\"async\" class=\" size-full wp-image-210\" style=\"position: relative; margin-bottom: -50px; display: block; margin-left: auto; margin-right: auto;\" src=\"https:\/\/uj.mezosuli.hu\/wp-content\/uploads\/2017\/06\/nap_01.png\" alt=\"\" width=\"225\" height=\"137\" srcset=\"https:\/\/mezosuli.hu\/wp-content\/uploads\/2017\/06\/nap_01.png 480w, https:\/\/mezosuli.hu\/wp-content\/uploads\/2017\/06\/nap_01-300x184.png 300w\" sizes=\"auto, (max-width: 225px) 100vw, 225px\" \/><\/p>\n<p>&nbsp;<\/p>\n<p><span style=\"font-size: 20pt; font-variant: small-caps; letter-spacing: 1px; color: maroon;\">Az Int\u00e9zm\u00e9ny ny\u00e1ri nyitvatart\u00e1sa<\/span><\/p>\n<p>Vezet\u0151i \u00fcgyelet \u00e9s a titk\u00e1rs\u00e1g a 2019-es ny\u00e1ri sz\u00fcnetben k\u00e9t hetente szerd\u00e1nk\u00e9nt reggel <strong>09:00<\/strong> \u00e9s d\u00e9lut\u00e1n <strong>13:00<\/strong> \u00f3ra k\u00f6z\u00f6tt az al\u00e1bbi napokon \u00e9rhet\u0151 el:<\/p>\n<ul>\n<li><em>J\u00fanius 26. &#8211;<\/em><strong>&nbsp;<strong>Gomb\u00e1r Erzs\u00e9bet<\/strong> <\/strong>int\u00e9zm\u00e9nyvezet\u0151<strong>, <strong>Szilv\u00e1si Csaba J\u00f3zsef<\/strong> <\/strong>int\u00e9zm\u00e9nyvezet\u0151 helyettes,&nbsp;<strong>Bakkai Melinda<\/strong> int\u00e9zm\u00e9nyvezet\u0151 helyettes<\/li>\n<li><em>J\u00falius 10. &#8211;&nbsp;<\/em><strong>Szilv\u00e1si Csaba J\u00f3zsef<\/strong>&nbsp;int\u00e9zm\u00e9nyvezet\u0151 helyettes<\/li>\n<li><em>J\u00falius 24. &#8211;<\/em><strong> <strong>Bakkai Melinda<\/strong><\/strong>&nbsp;int\u00e9zm\u00e9nyvezet\u0151 helyettes<\/li>\n<li><em>Augusztus 7. &#8211;<\/em><strong>&nbsp;Gomb\u00e1r Erzs\u00e9bet<\/strong> int\u00e9zm\u00e9nyvezet\u0151<\/li>\n<li><em>Augusztus 28. &#8211;<\/em><strong> <strong><strong>Gomb\u00e1r Erzs\u00e9bet<\/strong> <\/strong><\/strong>int\u00e9zm\u00e9nyvezet\u0151<strong><strong>, <strong>Szilv\u00e1si Csaba J\u00f3zsef<\/strong> <\/strong><\/strong>int\u00e9zm\u00e9nyvezet\u0151 helyettes<strong>,&nbsp;<strong>Bakkai Melinda<\/strong> <\/strong>int\u00e9zm\u00e9nyvezet\u0151 helyettes<\/li>\n<\/ul>\n<p>&nbsp;<\/p>\n<p><span style=\"font-size: 20pt; font-variant: small-caps; letter-spacing: 1px; color: maroon;\">Jav\u00edt\u00f3vizsga<\/span><\/p>\n<p>A jav\u00edt\u00f3vizsga id\u0151pontja: <strong>2019. augusztus 26.<\/strong> reggel <strong>08:00<\/strong> \u00f3ra<\/p>\n<p>&nbsp;<\/p>\n<p><span style=\"font-size: 20pt; font-variant: small-caps; letter-spacing: 1px; color: maroon;\">\u00c9tkez\u00e9si csekkek<\/span><\/p>\n<p>Az \u00e9tkez\u00e9si csekkek \u00e1tv\u00e9tel\u00e9re az al\u00e1bbi id\u0151pontokban van lehet\u0151s\u00e9g:<\/p>\n<ul>\n<li><em>Augustus 5-9. &#8211;<\/em><strong> 09:00<\/strong> \u00e9s<strong> 13:00<\/strong>&nbsp;\u00f3ra k\u00f6z\u00f6tt<\/li>\n<li><em>Augusztus 14. &#8211;<\/em><strong> <strong>09:00<\/strong><\/strong>&nbsp;\u00e9s&nbsp;<strong><strong>13:00<\/strong><\/strong>&nbsp;\u00f3ra k\u00f6z\u00f6tt<\/li>\n<\/ul>\n<p>&nbsp;<\/p>\n<p><span style=\"font-size: 20pt; font-variant: small-caps; letter-spacing: 1px; color: maroon;\">Tan\u00e9vnyit\u00f3<\/span><\/p>\n<p>A 2019\/2020-as tan\u00e9v tan\u00e9vnyit\u00f3 \u00fcnneps\u00e9ge:<\/p>\n<ul>\n<li><em>az Als\u00f3 tagozatosoknak &#8211;<\/em><strong>&nbsp;2019.09.02<\/strong>-\u00e1n a m\u00e1sodik tan\u00edt\u00e1si \u00f3r\u00e1ban,<\/li>\n<li><em>a Fels\u0151 tagozatosoknak &#8211;<\/em><strong>&nbsp;2019.09.02<\/strong>-\u00e1n&nbsp;az els\u0151 tan\u00edt\u00e1si \u00f3r\u00e1ban lesz.<\/li>\n<\/ul>\n<p>A di\u00e1kok a tank\u00f6nyveket az els\u0151 tan\u00edt\u00e1si napon kapj\u00e1k meg!<\/p>\n<div align=\"center\"><img loading=\"lazy\" decoding=\"async\" class=\" size-full wp-image-211\" src=\"https:\/\/uj.mezosuli.hu\/wp-content\/uploads\/2017\/06\/nap_02.png\" alt=\"\" width=\"184\" height=\"160\" srcset=\"https:\/\/mezosuli.hu\/wp-content\/uploads\/2017\/06\/nap_02.png 400w, https:\/\/mezosuli.hu\/wp-content\/uploads\/2017\/06\/nap_02-300x261.png 300w\" sizes=\"auto, (max-width: 184px) 100vw, 184px\" \/><\/p>\n<div>\n<p style=\"float: right;\"><span style=\"font-size: 16px;\">Budapest, 2019 j\u00fanius 23.<br \/><\/span><\/p>\n<\/div>\n<\/div>\n<\/section>\n<\/div>\n","protected":false},"excerpt":{"rendered":"<p>&nbsp; Az Int\u00e9zm\u00e9ny ny\u00e1ri nyitvatart\u00e1sa Vezet\u0151i \u00fcgyelet \u00e9s a titk\u00e1rs\u00e1g a 2019-es ny\u00e1ri sz\u00fcnetben k\u00e9t hetente szerd\u00e1nk\u00e9nt reggel 09:00 \u00e9s d\u00e9lut\u00e1n 13:00 \u00f3ra k\u00f6z\u00f6tt az al\u00e1bbi napokon \u00e9rhet\u0151 el: J\u00fanius&hellip;<\/p>\n","protected":false},"author":1,"featured_media":210,"comment_status":"closed","ping_status":"open","sticky":false,"template":"","format":"standard","meta":{"_jetpack_memberships_contains_paid_content":false,"footnotes":""},"categories":[41],"tags":[],"class_list":["post-669","post","type-post","status-publish","format-standard","has-post-thumbnail","hentry","category-2019-hirarchivum"],"jetpack_featured_media_url":"https:\/\/mezosuli.hu\/wp-content\/uploads\/2017\/06\/nap_01.png","jetpack_sharing_enabled":true,"_links":{"self":[{"href":"https:\/\/mezosuli.hu\/index.php?rest_route=\/wp\/v2\/posts\/669","targetHints":{"allow":["GET"]}}],"collection":[{"href":"https:\/\/mezosuli.hu\/index.php?rest_route=\/wp\/v2\/posts"}],"about":[{"href":"https:\/\/mezosuli.hu\/index.php?rest_route=\/wp\/v2\/types\/post"}],"author":[{"embeddable":true,"href":"https:\/\/mezosuli.hu\/index.php?rest_route=\/wp\/v2\/users\/1"}],"replies":[{"embeddable":true,"href":"https:\/\/mezosuli.hu\/index.php?rest_route=%2Fwp%2Fv2%2Fcomments&post=669"}],"version-history":[{"count":1,"href":"https:\/\/mezosuli.hu\/index.php?rest_route=\/wp\/v2\/posts\/669\/revisions"}],"predecessor-version":[{"id":2496,"href":"https:\/\/mezosuli.hu\/index.php?rest_route=\/wp\/v2\/posts\/669\/revisions\/2496"}],"wp:featuredmedia":[{"embeddable":true,"href":"https:\/\/mezosuli.hu\/index.php?rest_route=\/wp\/v2\/media\/210"}],"wp:attachment":[{"href":"https:\/\/mezosuli.hu\/index.php?rest_route=%2Fwp%2Fv2%2Fmedia&parent=669"}],"wp:term":[{"taxonomy":"category","embeddable":true,"href":"https:\/\/mezosuli.hu\/index.php?rest_route=%2Fwp%2Fv2%2Fcategories&post=669"},{"taxonomy":"post_tag","embeddable":true,"href":"https:\/\/mezosuli.hu\/index.php?rest_route=%2Fwp%2Fv2%2Ftags&post=669"}],"curies":[{"name":"wp","href":"https:\/\/api.w.org\/{rel}","templated":true}]}}