{"id":684,"date":"2019-09-18T09:33:57","date_gmt":"2019-09-18T07:33:57","guid":{"rendered":"https:\/\/uj.mezosuli.hu\/?p=684"},"modified":"2026-03-17T10:52:51","modified_gmt":"2026-03-17T09:52:51","slug":"szulok-2","status":"publish","type":"post","link":"https:\/\/mezosuli.hu\/?p=684","title":{"rendered":"Szoci\u00e1lis seg\u00edt\u0151"},"content":{"rendered":"<div class=\"txF_raleway tx16t\" style=\"margin-bottom: 15px; text-align: right;\">\n<p style=\"text-align: left;\"><span style=\"font-size: 12pt;\">\u00d3vodai \u00e9s iskolai szoci\u00e1lis seg\u00edt\u0151:<\/span><\/p>\n<p class=\"x_MsoNormal\" style=\"text-align: left;\"><b><span data-olk-copy-source=\"MessageBody\">Baloghn\u00e9 Csonka Erzs\u00e9bet<\/span><\/b><\/p>\n<p class=\"x_MsoNormal\" style=\"text-align: left;\">\u00f3vodai \u2013 \u00e9s iskolai szoci\u00e1lis seg\u00edt\u0151<\/p>\n<p class=\"x_MsoNormal\" style=\"text-align: left;\">Zugl\u00f3i Csal\u00e1d \u2013 \u00e9s Gyermekj\u00f3l\u00e9ti K\u00f6zpont<\/p>\n<p class=\"x_MsoNormal\" style=\"text-align: left;\">1144 Bp. F\u00fcredi park 6.<\/p>\n<p>&nbsp;<\/p>\n<p style=\"text-align: left;\">El\u0151zetes, telefonon vagy szem\u00e9lyesen egyeztetett id\u0151pontban, egy\u00e9ni seg\u00edt\u0151 besz\u00e9lget\u00e9s keret\u00e9ben v\u00e1rja azon sz\u00fcl\u0151k megkeres\u00e9s\u00e9t, akiknek&nbsp;<b>iskol\u00e1hoz k\u00f6thet\u0151 probl\u00e9m\u00e1k<\/b>&nbsp;miatt ad\u00f3dik neh\u00e9zs\u00e9ge (pl.: szorong\u00e1s, tanul\u00e1si neh\u00e9zs\u00e9gek, motiv\u00e1latlans\u00e1g, konfliktus az iskol\u00e1ban, magatart\u00e1si probl\u00e9m\u00e1k, stb\u2026), vagy&nbsp;<b>gyermeknevel\u00e9si k\u00e9rd\u00e9sekben&nbsp;<\/b>k\u00e9rn\u00e9 a seg\u00edts\u00e9gem. pl.: \u00f6n\u00e1ll\u00f3tlans\u00e1g, sz\u00fcl\u0151-gyermek viszonya konfliktusos, stb\u2026, vagy&nbsp;<b>szoci\u00e1lis probl\u00e9m\u00e1i&nbsp;<\/b>elakad\u00e1st jelentenek az \u00e9let\u00e9ben. pl.: v\u00e1l\u00e1s, vesztes\u00e9g, anyagi neh\u00e9zs\u00e9gek,<\/p>\n<p style=\"text-align: center;\"><span style=\"font-size: 14pt;\"> &nbsp; &nbsp; &nbsp; Let\u00f6lthet\u0151 dokumentumok:<br \/><\/span><\/p>\n<p><a href=\"https:\/\/uj.mezosuli.hu\/wp-content\/uploads\/2019\/09\/szocialis_segito_tevekenysege.pdf\" target=\"_blank\"><span style=\"font-size: 14pt;\"><span style=\"color: #ff9900;\">\u00c1ltal\u00e1nos t\u00e1j\u00e9koztat\u00f3<\/span> <\/span><\/a><span style=\"font-size: 14pt; color: #ff9900;\">a k\u00f6znevel\u00e9si<\/span><\/p>\n<p style=\"text-align: right;\"><span style=\"font-size: 14pt; color: #ff9900;\"> int\u00e9zm\u00e9nyekben ny\u00fajtott <\/span><\/p>\n<p style=\"text-align: right;\"><span style=\"font-size: 14pt; color: #ff9900;\">szoci\u00e1lis seg\u00edt\u0151 tev\u00e9kenys\u00e9gr\u0151l<\/span><\/p>\n<p><span style=\"font-size: 12pt;\"><\/span><\/p>\n<p>&nbsp;<\/p>\n<p style=\"text-align: right;\"><span style=\"color: #ff9900;\"><span style=\"font-size: 14pt;\"><a style=\"color: #ff9900;\" href=\"https:\/\/uj.mezosuli.hu\/wp-content\/uploads\/2019\/09\/szoc_segito_reszletes_2021.pdf\" target=\"_blank\">Szoci\u00e1lis seg\u00edt\u0151 tev\u00e9kenys\u00e9g<\/a><\/span><a style=\"color: #ff9900;\" href=\"https:\/\/uj.mezosuli.hu\/wp-content\/uploads\/2019\/09\/szoc_segito_reszletes.pdf\" target=\"_blank\"><span style=\"font-size: 14pt;\"> <\/span><\/a><\/span><\/p>\n<p style=\"text-align: right;\"><span style=\"color: #ff9900;\"><span style=\"font-size: 14pt;\">az iskol\u00e1ban<\/span><a style=\"color: #ff9900;\" href=\"https:\/\/uj.mezosuli.hu\/wp-content\/uploads\/2019\/09\/szoc_segito_reszletes.pdf\" target=\"_blank\"><span style=\"font-size: 14pt;\"><\/span><\/a><\/span><\/p>\n<p>&nbsp;<\/p>\n<\/div>\n<div><span style=\"color: #ff9900;\"><\/span><\/div>\n<div style=\"text-align: right;\"><span style=\"font-size: 14pt; color: #ff9900;\"><a style=\"color: #ff9900;\" href=\"https:\/\/uj.mezosuli.hu\/wp-content\/uploads\/2019\/09\/esetjelzolap.pdf\" target=\"_blank\">Esetjelz\u0151 lap<\/a><\/span><\/div>\n","protected":false},"excerpt":{"rendered":"<p>\u00d3vodai \u00e9s iskolai szoci\u00e1lis seg\u00edt\u0151: Baloghn\u00e9 Csonka Erzs\u00e9bet \u00f3vodai \u2013 \u00e9s iskolai szoci\u00e1lis seg\u00edt\u0151 Zugl\u00f3i Csal\u00e1d \u2013 \u00e9s Gyermekj\u00f3l\u00e9ti K\u00f6zpont 1144 Bp. F\u00fcredi park 6. &nbsp; El\u0151zetes, telefonon vagy szem\u00e9lyesen&hellip;<\/p>\n","protected":false},"author":1,"featured_media":0,"comment_status":"closed","ping_status":"open","sticky":false,"template":"","format":"standard","meta":{"_jetpack_memberships_contains_paid_content":false,"footnotes":""},"categories":[41],"tags":[],"class_list":["post-684","post","type-post","status-publish","format-standard","hentry","category-2019-hirarchivum"],"jetpack_featured_media_url":"","jetpack_sharing_enabled":true,"_links":{"self":[{"href":"https:\/\/mezosuli.hu\/index.php?rest_route=\/wp\/v2\/posts\/684","targetHints":{"allow":["GET"]}}],"collection":[{"href":"https:\/\/mezosuli.hu\/index.php?rest_route=\/wp\/v2\/posts"}],"about":[{"href":"https:\/\/mezosuli.hu\/index.php?rest_route=\/wp\/v2\/types\/post"}],"author":[{"embeddable":true,"href":"https:\/\/mezosuli.hu\/index.php?rest_route=\/wp\/v2\/users\/1"}],"replies":[{"embeddable":true,"href":"https:\/\/mezosuli.hu\/index.php?rest_route=%2Fwp%2Fv2%2Fcomments&post=684"}],"version-history":[{"count":1,"href":"https:\/\/mezosuli.hu\/index.php?rest_route=\/wp\/v2\/posts\/684\/revisions"}],"predecessor-version":[{"id":2498,"href":"https:\/\/mezosuli.hu\/index.php?rest_route=\/wp\/v2\/posts\/684\/revisions\/2498"}],"wp:attachment":[{"href":"https:\/\/mezosuli.hu\/index.php?rest_route=%2Fwp%2Fv2%2Fmedia&parent=684"}],"wp:term":[{"taxonomy":"category","embeddable":true,"href":"https:\/\/mezosuli.hu\/index.php?rest_route=%2Fwp%2Fv2%2Fcategories&post=684"},{"taxonomy":"post_tag","embeddable":true,"href":"https:\/\/mezosuli.hu\/index.php?rest_route=%2Fwp%2Fv2%2Ftags&post=684"}],"curies":[{"name":"wp","href":"https:\/\/api.w.org\/{rel}","templated":true}]}}