{"id":686,"date":"2019-09-26T19:24:59","date_gmt":"2019-09-26T17:24:59","guid":{"rendered":"https:\/\/uj.mezosuli.hu\/?p=686"},"modified":"2026-03-17T10:52:51","modified_gmt":"2026-03-17T09:52:51","slug":"oszi-papirgyujtes-2019","status":"publish","type":"post","link":"https:\/\/mezosuli.hu\/?p=686","title":{"rendered":"\u0150szi pap\u00edrgy\u0171jt\u00e9s 2019"},"content":{"rendered":"<div class=\"txF_raleway tx16t\" style=\"margin-bottom: 15px; text-align: left;\">\n<p class=\"tx_headline txc_green\">\u00dajra pap\u00edrgy\u0171jt\u00e9s a Mez\u0151ben!<\/p>\n<hr \/>\n<div class=\"header_img_container\"><img loading=\"lazy\" decoding=\"async\" class=\" size-full wp-image-685\" style=\"display: block; margin-left: auto; margin-right: auto;\" src=\"https:\/\/uj.mezosuli.hu\/wp-content\/uploads\/2019\/09\/papir-scaled.jpg\" alt=\"\" width=\"471\" height=\"300\" \/><\/div>\n<div align=\"center\">\n<p>Tegy\u00fcnk ism\u00e9t egy\u00fctt k\u00f6rnyezet\u00fcnk\u00e9rt!<\/p>\n<p><strong>2019. okt\u00f3ber 10-\u00e9n, reggel 7:00-8:00 \u00e9s d\u00e9lut\u00e1n 14:00-18:00 \u00f3ra<\/strong> k\u00f6z\u00f6tt fogadjuk az \u00fajrahasznos\u00edt\u00e1sra sz\u00e1nt pap\u00edrt.<\/p>\n<p>K\u00e9rj\u00fck, a rakod\u00e1s megk\u00f6nny\u00edt\u00e9se \u00e9rdek\u00e9ben mozgathat\u00f3 m\u00e9ret\u0171re \u00f6sszek\u00f6t\u00f6zve hozz\u00e1k a pap\u00edrt.<\/p>\n<\/div>\n<p>Nagyobb menny\u00eds\u00e9g\u0171 pap\u00edr leadhat\u00f3 a k\u00f6vetkez\u0151 helyen:&nbsp;<\/p>\n<div class=\"txF_raleway tx16t\" style=\"margin-bottom: 15px; text-align: left;\"><strong>1215 Budapest, Duna u. 42. (\u00c1tv\u00e9tel: 7:00 &#8211; 16:30 \u00f3r\u00e1ig)<\/strong><img loading=\"lazy\" decoding=\"async\" class=\" alignright size-full wp-image-440\" style=\"float: right;\" src=\"https:\/\/uj.mezosuli.hu\/wp-content\/uploads\/2018\/10\/dupareclogo.jpg\" alt=\"\" width=\"151\" height=\"67\" \/><\/p>\n<div class=\"txF_raleway tx16t\" style=\"margin-bottom: 15px; text-align: left;\">&#8222;\u00c1tv\u00e9telkor a sz\u00fcl\u0151 az oszt\u00e1ly nev\u00e9t sz\u00edveskedjen jelezni&#8221;.<\/p>\n<div class=\"txF_raleway tx16t\" style=\"margin-bottom: 15px; text-align: left;\">K\u00f6sz\u00f6nj\u00fck!<\/p>\n<div class=\"txF_raleway tx14x\" style=\"text-align: center; line-height: 20px; margin-top: 10px;\">\n<p>&nbsp;<\/p>\n<p style=\"float: right;\">Budapest, 2019. szeptember 26.<\/p>\n<\/div>\n<\/div>\n<\/div>\n<\/div>\n<\/div>\n","protected":false},"excerpt":{"rendered":"<p>\u00dajra pap\u00edrgy\u0171jt\u00e9s a Mez\u0151ben! Tegy\u00fcnk ism\u00e9t egy\u00fctt k\u00f6rnyezet\u00fcnk\u00e9rt! 2019. okt\u00f3ber 10-\u00e9n, reggel 7:00-8:00 \u00e9s d\u00e9lut\u00e1n 14:00-18:00 \u00f3ra k\u00f6z\u00f6tt fogadjuk az \u00fajrahasznos\u00edt\u00e1sra sz\u00e1nt pap\u00edrt. K\u00e9rj\u00fck, a rakod\u00e1s megk\u00f6nny\u00edt\u00e9se \u00e9rdek\u00e9ben mozgathat\u00f3 m\u00e9ret\u0171re&hellip;<\/p>\n","protected":false},"author":1,"featured_media":685,"comment_status":"closed","ping_status":"open","sticky":false,"template":"","format":"standard","meta":{"_jetpack_memberships_contains_paid_content":false,"footnotes":""},"categories":[7],"tags":[],"class_list":["post-686","post","type-post","status-publish","format-standard","has-post-thumbnail","hentry","category-oko-hirek"],"jetpack_featured_media_url":"https:\/\/mezosuli.hu\/wp-content\/uploads\/2019\/09\/papir-scaled.jpg","jetpack_sharing_enabled":true,"_links":{"self":[{"href":"https:\/\/mezosuli.hu\/index.php?rest_route=\/wp\/v2\/posts\/686","targetHints":{"allow":["GET"]}}],"collection":[{"href":"https:\/\/mezosuli.hu\/index.php?rest_route=\/wp\/v2\/posts"}],"about":[{"href":"https:\/\/mezosuli.hu\/index.php?rest_route=\/wp\/v2\/types\/post"}],"author":[{"embeddable":true,"href":"https:\/\/mezosuli.hu\/index.php?rest_route=\/wp\/v2\/users\/1"}],"replies":[{"embeddable":true,"href":"https:\/\/mezosuli.hu\/index.php?rest_route=%2Fwp%2Fv2%2Fcomments&post=686"}],"version-history":[{"count":1,"href":"https:\/\/mezosuli.hu\/index.php?rest_route=\/wp\/v2\/posts\/686\/revisions"}],"predecessor-version":[{"id":3038,"href":"https:\/\/mezosuli.hu\/index.php?rest_route=\/wp\/v2\/posts\/686\/revisions\/3038"}],"wp:featuredmedia":[{"embeddable":true,"href":"https:\/\/mezosuli.hu\/index.php?rest_route=\/wp\/v2\/media\/685"}],"wp:attachment":[{"href":"https:\/\/mezosuli.hu\/index.php?rest_route=%2Fwp%2Fv2%2Fmedia&parent=686"}],"wp:term":[{"taxonomy":"category","embeddable":true,"href":"https:\/\/mezosuli.hu\/index.php?rest_route=%2Fwp%2Fv2%2Fcategories&post=686"},{"taxonomy":"post_tag","embeddable":true,"href":"https:\/\/mezosuli.hu\/index.php?rest_route=%2Fwp%2Fv2%2Ftags&post=686"}],"curies":[{"name":"wp","href":"https:\/\/api.w.org\/{rel}","templated":true}]}}