{"id":688,"date":"2019-09-30T10:06:11","date_gmt":"2019-09-30T08:06:11","guid":{"rendered":"https:\/\/uj.mezosuli.hu\/?p=688"},"modified":"2026-03-17T10:52:51","modified_gmt":"2026-03-17T09:52:51","slug":"okokirandulas-guckler-tanosveny","status":"publish","type":"post","link":"https:\/\/mezosuli.hu\/?p=688","title":{"rendered":"\u00d6kokir\u00e1ndul\u00e1s &#8211; Guckler tan\u00f6sv\u00e9ny"},"content":{"rendered":"<hr \/>\n<div style=\"text-align: left;\" align=\"center\">\n<section style=\"font-size: 16px;\">\n<p style=\"font-size: 16px; text-align: left;\"><span style=\"color: #ff6600; font-size: 20pt; font-variant-caps: small-caps; letter-spacing: 1px;\"><span style=\"color: #008000;\">\u00d6ko<\/span>kir\u00e1ndul\u00e1s &#8211; 2019. okt\u00f3ber 05. (szombat)<\/span><\/p>\n<p><span style=\"font-size: 14pt;\"><img loading=\"lazy\" decoding=\"async\" class=\" size-full wp-image-687\" style=\"display: block; margin-left: auto; margin-right: auto;\" src=\"https:\/\/uj.mezosuli.hu\/wp-content\/uploads\/2019\/09\/20191005_oko.jpg\" alt=\"merzse mocsar 550px\" width=\"508\" height=\"339\" srcset=\"https:\/\/mezosuli.hu\/wp-content\/uploads\/2019\/09\/20191005_oko.jpg 1385w, https:\/\/mezosuli.hu\/wp-content\/uploads\/2019\/09\/20191005_oko-300x200.jpg 300w, https:\/\/mezosuli.hu\/wp-content\/uploads\/2019\/09\/20191005_oko-1024x684.jpg 1024w, https:\/\/mezosuli.hu\/wp-content\/uploads\/2019\/09\/20191005_oko-768x513.jpg 768w\" sizes=\"auto, (max-width: 508px) 100vw, 508px\" \/><\/span><\/p>\n<p style=\"text-align: justify;\"><span style=\"font-size: 18.6667px;\"><strong><span style=\"font-size: 18.6667px;\">Kedves Gyerekek, kedves Sz\u00fcl\u0151k!&nbsp;<\/span><\/strong><\/span><\/p>\n<p style=\"text-align: left;\">Okt\u00f3ber 5-\u00e9n szombaton \u00d6KO kir\u00e1ndul\u00e1st szervez\u00fcnk.<\/p>\n<p style=\"text-align: left;\">Helysz\u00edne: Budai-hegys\u00e9g, Guckler K\u00e1roly tan\u00f6sv\u00e9ny<\/p>\n<p style=\"text-align: left;\"><a href=\"https:\/\/parkerdo.hu\/turizmus\/latnivalok\/guckler-karoly-tanosveny\/\">https:\/\/parkerdo.hu\/turizmus\/latnivalok\/guckler-karoly-tanosveny\/<\/a><\/p>\n<p style=\"text-align: left;\"><span style=\"font-size: 14pt;\"><strong>Indul\u00e1s<\/strong>: \u00d6rs vez\u00e9r tere \u2013 Gomb\u00e1n\u00e1l&nbsp; &#8211; 9:00 \u00f3rakor<\/span><\/p>\n<p style=\"text-align: left;\"><span style=\"font-size: 14pt;\"><strong>\u00c9rkez\u00e9s<\/strong>: \u00d6rs vez\u00e9r tere \u2013 metr\u00f3 kij\u00e1rat \u2013 13-14 \u00f3ra k\u00f6z\u00f6tt<\/span><\/p>\n<p style=\"text-align: left;\"><span style=\"font-size: 14pt;\"><strong>K\u00f6lts\u00e9g<\/strong>: 700 Ft a buszjegyekre vagy b\u00e9rlet<\/span><\/p>\n<p style=\"text-align: left;\"><span style=\"font-size: 14pt;\"><strong>Hozni kell<\/strong>: kir\u00e1ndul\u00f3\u00f6lt\u00f6z\u00e9k, h\u00e1tizs\u00e1kban enni-innival\u00f3, es\u0151kab\u00e1t, QR k\u00f3dos mobilolvas\u00f3 \u2013 ha van telep\u00edtve<\/span><\/p>\n<p style=\"text-align: left;\"><span style=\"font-size: 14pt;\">V\u00e1rjuk a di\u00e1kokat, sz\u00fcleiket, pedag\u00f3gusokat.<\/span><\/p>\n<p style=\"text-align: left;\"><span style=\"font-size: 14pt;\">Kutya csak sz\u00fcl\u0151i fel\u00fcgyelettel hozhat\u00f3.<\/span><\/p>\n<p style=\"text-align: left;\"><span style=\"font-size: 14pt;\">Es\u0151s id\u0151 eset\u00e9n a t\u00fara elmarad!<\/span><\/p>\n<p><span style=\"font-size: 14pt;\"><span style=\"font-size: 18.6667px;\">\u00dc<\/span><\/span><span style=\"font-size: 14pt;\"><span style=\"font-size: 18.6667px;\">dv\u00f6zlettel: <\/span>Gy\u00f6ngyv\u00e9r n\u00e9ni \u00e9s Edina n\u00e9ni &#8211; szervez\u0151k<\/span><\/p>\n<p style=\"text-align: left;\"><span style=\"font-size: 14pt;\"><span style=\"font-size: 18.6667px;\"><\/span><\/span><\/p>\n<div style=\"font-size: 16px;\" align=\"center\">\n<div>\n<p style=\"float: right;\"><span style=\"font-size: 16px;\">Budapest, 2019. szeptember 30.<br \/><\/span><\/p>\n<\/div>\n<\/div>\n<\/section>\n<\/div>\n","protected":false},"excerpt":{"rendered":"<p>\u00d6kokir\u00e1ndul\u00e1s &#8211; 2019. okt\u00f3ber 05. (szombat) Kedves Gyerekek, kedves Sz\u00fcl\u0151k!&nbsp; Okt\u00f3ber 5-\u00e9n szombaton \u00d6KO kir\u00e1ndul\u00e1st szervez\u00fcnk. Helysz\u00edne: Budai-hegys\u00e9g, Guckler K\u00e1roly tan\u00f6sv\u00e9ny https:\/\/parkerdo.hu\/turizmus\/latnivalok\/guckler-karoly-tanosveny\/ Indul\u00e1s: \u00d6rs vez\u00e9r tere \u2013 Gomb\u00e1n\u00e1l&nbsp; &#8211; 9:00&hellip;<\/p>\n","protected":false},"author":1,"featured_media":687,"comment_status":"closed","ping_status":"open","sticky":false,"template":"","format":"standard","meta":{"_jetpack_memberships_contains_paid_content":false,"footnotes":""},"categories":[7],"tags":[],"class_list":["post-688","post","type-post","status-publish","format-standard","has-post-thumbnail","hentry","category-oko-hirek"],"jetpack_featured_media_url":"https:\/\/mezosuli.hu\/wp-content\/uploads\/2019\/09\/20191005_oko.jpg","jetpack_sharing_enabled":true,"_links":{"self":[{"href":"https:\/\/mezosuli.hu\/index.php?rest_route=\/wp\/v2\/posts\/688","targetHints":{"allow":["GET"]}}],"collection":[{"href":"https:\/\/mezosuli.hu\/index.php?rest_route=\/wp\/v2\/posts"}],"about":[{"href":"https:\/\/mezosuli.hu\/index.php?rest_route=\/wp\/v2\/types\/post"}],"author":[{"embeddable":true,"href":"https:\/\/mezosuli.hu\/index.php?rest_route=\/wp\/v2\/users\/1"}],"replies":[{"embeddable":true,"href":"https:\/\/mezosuli.hu\/index.php?rest_route=%2Fwp%2Fv2%2Fcomments&post=688"}],"version-history":[{"count":1,"href":"https:\/\/mezosuli.hu\/index.php?rest_route=\/wp\/v2\/posts\/688\/revisions"}],"predecessor-version":[{"id":2480,"href":"https:\/\/mezosuli.hu\/index.php?rest_route=\/wp\/v2\/posts\/688\/revisions\/2480"}],"wp:featuredmedia":[{"embeddable":true,"href":"https:\/\/mezosuli.hu\/index.php?rest_route=\/wp\/v2\/media\/687"}],"wp:attachment":[{"href":"https:\/\/mezosuli.hu\/index.php?rest_route=%2Fwp%2Fv2%2Fmedia&parent=688"}],"wp:term":[{"taxonomy":"category","embeddable":true,"href":"https:\/\/mezosuli.hu\/index.php?rest_route=%2Fwp%2Fv2%2Fcategories&post=688"},{"taxonomy":"post_tag","embeddable":true,"href":"https:\/\/mezosuli.hu\/index.php?rest_route=%2Fwp%2Fv2%2Ftags&post=688"}],"curies":[{"name":"wp","href":"https:\/\/api.w.org\/{rel}","templated":true}]}}