{"id":692,"date":"2019-10-02T19:36:48","date_gmt":"2019-10-02T17:36:48","guid":{"rendered":"https:\/\/uj.mezosuli.hu\/?p=692"},"modified":"2026-03-17T10:52:51","modified_gmt":"2026-03-17T09:52:51","slug":"oko-hirek-2019-10-02","status":"publish","type":"post","link":"https:\/\/mezosuli.hu\/?p=692","title":{"rendered":"\u00d6ko h\u00edrek 2019.10.02."},"content":{"rendered":"<hr \/>\n<div class=\"txF_raleway tx16t\" style=\"padding-bottom: 5px;\">\n<p class=\"tx_headline tx20t\">Okt\u00f3ber:<\/p>\n<div class=\"txF_raleway tx16t\" style=\"padding-bottom: 5px;\">\n<p><span style=\"font-size: 14pt; color: #000000; font-family: 'book antiqua', palatino;\"><strong>Szeptember 30 \u2013 okt\u00f3ber 4.:<\/strong> Csatlakoz\u00e1s a <strong><span style=\"color: #008000;\">VIL\u00c1G LEGNAGYOBB TAN\u00d3R\u00c1JA<\/span><\/strong> kezdem\u00e9nyez\u00e9shez.<\/span><\/p>\n<ul>\n<li><span style=\"font-size: 14pt; color: #000000; font-family: 'book antiqua', palatino;\"><span style=\"font-size: 14pt; color: #000000; font-family: 'book antiqua', palatino;\">Iskol\u00e1nkban haszn\u00e1lt mobiltelefonokat, e-k\u00fcty\u00fcket gy\u0171jt\u00fcnk.&nbsp;<\/span><\/span><span style=\"font-size: 14pt; font-family: 'book antiqua', palatino; color: #ff6600;\">Adom\u00e1ny a vadon\u00e9rt! &#8211; Hi\u00fazv\u00e9delem&nbsp;<\/span><\/li>\n<\/ul>\n<p><span style=\"font-size: 14pt; font-family: 'book antiqua', palatino;\">Az akci\u00f3 ideje alatt, minden darab&nbsp;<b style=\"font-family: 'book antiqua', palatino; font-size: 14pt; background-color: inherit; color: inherit;\">mobiltelefon \u00e9s e-k\u00fcty\u00fc&nbsp;<\/b>ut\u00e1n, a di\u00e1kok r\u00e9sz\u00e9re j\u00f3v\u00e1\u00edrt pontok ut\u00e1n 20 pontot kap a WWF Magyarorsz\u00e1gi Hi\u00fazv\u00e9delmi Programja.&nbsp;<\/span><\/p>\n<p><b style=\"font-family: 'book antiqua', palatino; font-size: 14pt; background-color: inherit; color: inherit;\">Iskolai gy\u0171jt\u00e9si id\u0151szak<\/b><span style=\"font-size: 14pt; font-family: 'book antiqua', palatino;\">:&nbsp;<span style=\"text-decoration: underline;\">2019. okt\u00f3ber 01-24.<\/span> (kihelyezett doboz az aul\u00e1ban)<\/span><\/p>\n<ul>\n<li><span style=\"font-size: 14pt; color: #000000; font-family: 'book antiqua', palatino;\">Iskol\u00e1nkban j\u00f3 \u00e1llapotban l\u00e9v\u0151, haszn\u00e1lt \u00e1llatos \u00e9s n\u00f6v\u00e9nyes j\u00e1t\u00e9kokat is gy\u0171jt\u00fcnk, dobozokban. Ezzel a <span style=\"color: #ff6600;\">Kar\u00e1csonyi Mosolyman\u00f3 adom\u00e1nygy\u0171jt\u0151 program<\/span> keret\u00e9ben seg\u00edtj\u00fck a r\u00e1szorul\u00f3 gyermekeket.&nbsp;<\/span><\/li>\n<\/ul>\n<p><b style=\"font-family: 'book antiqua', palatino; font-size: 14pt; background-color: inherit; color: inherit;\">Iskolai gy\u0171jt\u00e9si id\u0151szak<\/b><span style=\"font-size: 14pt; font-family: 'book antiqua', palatino;\">:&nbsp;<span style=\"text-decoration: underline;\">2019. okt\u00f3ber 01-24.<\/span> (kihelyezett asztal az aul\u00e1ban)<\/span><\/p>\n<ul>\n<li><span style=\"font-size: 14pt; color: #000000; font-family: 'book antiqua', palatino;\"><span style=\"font-size: 14pt; color: #000000; font-family: 'book antiqua', palatino;\">Di\u00e1kjainkat k\u00fcl\u00f6nb\u00f6z\u0151 programok v\u00e1rj\u00e1k az iskol\u00e1ban.&nbsp;<\/span><\/span><\/li>\n<\/ul>\n<p><span style=\"font-size: 14pt; color: #000000; font-family: 'book antiqua', palatino;\"><strong>Okt\u00f3ber 4.:<\/strong> <strong><span style=\"color: #008000;\">\u00c1LLATOK VIL\u00c1GNAPJA&nbsp;<\/span><\/strong><\/span><\/p>\n<ul>\n<li><span style=\"font-size: 14pt; color: #000000; font-family: 'book antiqua', palatino;\">Ebben az \u00e9vben is gy\u0171jtj\u00fck az \u00e1llateledeleket a r\u00e1szorul\u00f3 menhelyeknek. <\/span><\/li>\n<li><span style=\"font-size: 14pt; color: #000000; font-family: 'book antiqua', palatino;\">Minden oszt\u00e1ly 1-1 csomag mad\u00e1reles\u00e9ggel seg\u00edti a t\u00e9li mad\u00e1retet\u00e9st. <\/span><\/li>\n<li><span style=\"font-size: 14pt; color: #000000; font-family: 'book antiqua', palatino;\">\u201e <span style=\"color: #ff6600;\">N\u00c1LATOK LAKNAK-E \u00c1LLATOK?<\/span> \u2019\u2019 c\u00edmmel fot\u00f3 ki\u00e1ll\u00edt\u00e1st szervez\u00fcnk. (2019. okt\u00f3ber 24-ig, v\u00e1rjuk a h\u00e1zi kedvencek fot\u00f3it)<\/span><\/li>\n<\/ul>\n<p><em><span style=\"font-size: 14pt; color: #000000; font-family: 'book antiqua', palatino;\">Ha a h\u00e1zi kedvencr\u0151l elk\u00e9sz\u00edtett k\u00e9pet behozod, akkor mi ki\u00e1ll\u00edtjuk. <\/span><\/em><\/p>\n<p><span style=\"font-size: 14pt; color: #000000; font-family: 'book antiqua', palatino;\"><strong>Okt\u00f3ber 5.:<\/strong> <strong><span style=\"color: #008000;\">\u00d6KO kir\u00e1ndul\u00e1s <\/span><\/strong><\/span><\/p>\n<p><em><span style=\"font-size: 14pt; color: #000000; font-family: 'book antiqua', palatino;\">V\u00e1rjuk az \u00e9rdekl\u0151d\u0151 sz\u00fcl\u0151ket, di\u00e1kokat! Sz\u00e9p id\u0151t \u00e9s j\u00f3 kir\u00e1ndul\u00e1st k\u00edv\u00e1nunk! <\/span><\/em><\/p>\n<p><span style=\"font-size: 14pt; color: #000000; font-family: 'book antiqua', palatino;\"><strong>Okt\u00f3ber 10.:<\/strong> <strong><span style=\"color: #008000;\">PAP\u00cdRGY\u0170JT\u00c9S <\/span><\/strong><\/span><\/p>\n<p><span style=\"color: #3366ff;\"><strong><span style=\"font-size: 14pt; font-family: 'book antiqua', palatino;\">Tudod-e?<\/span><\/strong><\/span><\/p>\n<ul>\n<li><span style=\"font-size: 14pt; color: #000000; font-family: 'book antiqua', palatino;\">54 kg \u00fajs\u00e1g \u00fajrahasznos\u00edt\u00e1sa megmentheti egy fa \u00e9let\u00e9t. <\/span><\/li>\n<li><span style=\"font-size: 14pt; color: #000000; font-family: 'book antiqua', palatino;\">Egy id\u0151sebb fa kb. 200 kg-nyi oxig\u00e9nt termel. T\u00f6bbet, mint amennyit egy \u00e9v alatt egy ember felhaszn\u00e1l. <\/span><\/li>\n<li><span style=\"font-size: 14pt; color: #000000; font-family: 'book antiqua', palatino;\">Egy h\u00e1ztart\u00e1s kb. 6 fa \u00e9let\u00e9t dobja ki a kuk\u00e1ba \u00e9vente ( csomagol\u00e1s, nyomtat\u00e1s stb. sor\u00e1n).<\/span><\/li>\n<\/ul>\n<\/div>\n<p style=\"float: left;\"><span style=\"font-size: 12pt;\">\u00d6ko munkacsoport<\/span><\/p>\n<div style=\"left: 0; position: relative;\">\n<p style=\"float: right;\"><span style=\"font-size: 12pt;\">Budapest, 2019. okt\u00f3ber<br \/><\/span><\/p>\n<\/div>\n<\/div>\n","protected":false},"excerpt":{"rendered":"<p>Okt\u00f3ber: Szeptember 30 \u2013 okt\u00f3ber 4.: Csatlakoz\u00e1s a VIL\u00c1G LEGNAGYOBB TAN\u00d3R\u00c1JA kezdem\u00e9nyez\u00e9shez. Iskol\u00e1nkban haszn\u00e1lt mobiltelefonokat, e-k\u00fcty\u00fcket gy\u0171jt\u00fcnk.&nbsp;Adom\u00e1ny a vadon\u00e9rt! &#8211; Hi\u00fazv\u00e9delem&nbsp; Az akci\u00f3 ideje alatt, minden darab&nbsp;mobiltelefon \u00e9s e-k\u00fcty\u00fc&nbsp;ut\u00e1n, a&hellip;<\/p>\n","protected":false},"author":1,"featured_media":0,"comment_status":"closed","ping_status":"open","sticky":false,"template":"","format":"standard","meta":{"_jetpack_memberships_contains_paid_content":false,"footnotes":""},"categories":[7],"tags":[],"class_list":["post-692","post","type-post","status-publish","format-standard","hentry","category-oko-hirek"],"jetpack_featured_media_url":"","jetpack_sharing_enabled":true,"_links":{"self":[{"href":"https:\/\/mezosuli.hu\/index.php?rest_route=\/wp\/v2\/posts\/692","targetHints":{"allow":["GET"]}}],"collection":[{"href":"https:\/\/mezosuli.hu\/index.php?rest_route=\/wp\/v2\/posts"}],"about":[{"href":"https:\/\/mezosuli.hu\/index.php?rest_route=\/wp\/v2\/types\/post"}],"author":[{"embeddable":true,"href":"https:\/\/mezosuli.hu\/index.php?rest_route=\/wp\/v2\/users\/1"}],"replies":[{"embeddable":true,"href":"https:\/\/mezosuli.hu\/index.php?rest_route=%2Fwp%2Fv2%2Fcomments&post=692"}],"version-history":[{"count":1,"href":"https:\/\/mezosuli.hu\/index.php?rest_route=\/wp\/v2\/posts\/692\/revisions"}],"predecessor-version":[{"id":3273,"href":"https:\/\/mezosuli.hu\/index.php?rest_route=\/wp\/v2\/posts\/692\/revisions\/3273"}],"wp:attachment":[{"href":"https:\/\/mezosuli.hu\/index.php?rest_route=%2Fwp%2Fv2%2Fmedia&parent=692"}],"wp:term":[{"taxonomy":"category","embeddable":true,"href":"https:\/\/mezosuli.hu\/index.php?rest_route=%2Fwp%2Fv2%2Fcategories&post=692"},{"taxonomy":"post_tag","embeddable":true,"href":"https:\/\/mezosuli.hu\/index.php?rest_route=%2Fwp%2Fv2%2Ftags&post=692"}],"curies":[{"name":"wp","href":"https:\/\/api.w.org\/{rel}","templated":true}]}}