{"id":70,"date":"2016-10-06T11:56:20","date_gmt":"2016-10-06T09:56:20","guid":{"rendered":"https:\/\/uj.mezosuli.hu\/?p=70"},"modified":"2026-03-17T14:26:29","modified_gmt":"2026-03-17T13:26:29","slug":"oszi-szunet-2016","status":"publish","type":"post","link":"https:\/\/mezosuli.hu\/?p=70","title":{"rendered":"oszi-szunet-2016"},"content":{"rendered":"<p style=\"text-align: center;\"><strong><span style=\"font-size: 16pt;\">T&aacute;j&eacute;koztat&oacute;<\/span><\/strong><\/p>\n<p style=\"text-align: center;\"><span style=\"font-size: 16pt;\">Tisztelt&nbsp; Sz&uuml;l\u0151k!<\/span><\/p>\n<p style=\"text-align: center;\"><span style=\"font-size: 14pt; font-family: 'Times New Roman', serif;\">Ez&uacute;ton &nbsp;t&aacute;j&eacute;koztatjuk &nbsp;&Ouml;n&ouml;ket, hogy az <strong>\u0151szi&nbsp; sz&uuml;net 2016 november &nbsp;2-4 k&ouml;z&ouml;tt lesz<\/strong>.<\/span><\/p>\n<p style=\"text-align: center;\"><span style=\"font-size: 14pt; font-family: 'Times New Roman', serif;\">A&nbsp; sz&uuml;net el\u0151tti&nbsp; utols&oacute; tan&iacute;t&aacute;si nap&nbsp; okt&oacute;ber 28 (p&eacute;ntek),<\/span><\/p>\n<p style=\"text-align: center;\"><span style=\"font-size: 14pt; font-family: 'Times New Roman', serif;\">A sz&uuml;net ut&aacute;ni els\u0151 tan&iacute;t&aacute;si nap&nbsp; november 7 (h&eacute;tf\u0151).<\/span><\/p>\n<p style=\"text-align: center;\"><strong><span style=\"font-size: 14pt; font-family: 'Times New Roman', serif;\">Az \u0151szi sz&uuml;netben az &uuml;gyeletet ell&aacute;t&oacute; iskola az<\/span><\/strong><\/p>\n<p style=\"text-align: center;\"><strong><span style=\"font-size: 14pt; font-family: 'Times New Roman', serif;\">&Aacute;lmos Vez&eacute;r Gimn&aacute;zium &eacute;s &Aacute;ltal&aacute;nos Iskola, c&iacute;m : 1144 Budapest, K&aacute;ntorn&eacute; s&eacute;t&aacute;ny 7.<\/span><\/strong><\/p>\n<p style=\"text-align: center;\"><span style=\"text-decoration: underline;\"><span style=\"font-size: 14pt; font-family: 'Times New Roman', serif;\">A novemberi h&oacute;napra&nbsp; az &eacute;tkez&eacute;s befizet&eacute;s&eacute;n&eacute;l k&eacute;rj&uuml;k vegy&eacute;k figyelembe<\/span><\/span><span style=\"font-size: 14pt; font-family: 'Times New Roman', serif;\">:<\/span><\/p>\n<p style=\"margin-left: 30px; text-indent: -18pt;\"><span style=\"font-size: 14pt; font-family: 'Times New Roman', serif;\">&#8211;<span style=\"font-size: 7pt; line-height: normal; font-family: 'Times New Roman';\">&nbsp;&nbsp;&nbsp;&nbsp;&nbsp;&nbsp;&nbsp;&nbsp; <\/span><\/span><strong><span style=\"font-size: 14pt; font-family: 'Times New Roman', serif;\">webes befizet&eacute;sn&eacute;l<\/span><\/strong><span style=\"font-size: 14pt; font-family: 'Times New Roman', serif;\">, hogy az &uuml;gyeletre&nbsp; k&iacute;v&aacute;nja-e befizetni, megrendelni gyermek&eacute;nek az &eacute;tkez&eacute;st,<\/span><\/p>\n<p style=\"margin-left: 30px; text-indent: -18pt;\"><span style=\"font-size: 14pt; font-family: 'Times New Roman', serif;\">&#8211;<span style=\"font-size: 7pt; line-height: normal; font-family: 'Times New Roman';\">&nbsp;&nbsp;&nbsp;&nbsp;&nbsp;&nbsp;&nbsp;&nbsp; <\/span><\/span><strong><span style=\"font-size: 14pt; font-family: 'Times New Roman', serif;\">csekkes befizet\u0151kn&eacute;l<\/span><\/strong><span style=\"font-size: 14pt; font-family: 'Times New Roman', serif;\"> az &eacute;tkez&eacute;s megrendel&eacute;se ezekre a napokra automatikus,&nbsp; ez&eacute;rt k&eacute;rem, &nbsp;ha nem ig&eacute;nyli az &uuml;gyeletre az &eacute;tkez&eacute;st, jelezze&nbsp; azt &nbsp;lemond&aacute;ssal .<\/span><\/p>\n<p><span style=\"font-size: 14pt; font-family: 'Times New Roman', serif;\">A csekkes befizet\u0151k lemond&aacute;s&aacute;t&nbsp;&nbsp; az &uuml;gyeletet megel\u0151z\u0151 h&eacute;ten naponta &nbsp;8:00 &oacute;r&aacute;t&oacute;l 10: 00 &oacute;r&aacute;ig fogadjuk .<\/span><\/p>\n<p style=\"text-align: center;\"><strong><span style=\"font-size: 14pt; font-family: 'Times New Roman', serif;\">November 15 (kedd): &nbsp;tan&iacute;t&aacute;s n&eacute;lk&uuml;li munkanap<\/span><\/strong><span style=\"font-size: 14pt; font-family: 'Times New Roman', serif;\">, &uuml;gyeletet tartunk.<\/span><\/p>\n<p style=\"text-align: center;\"><span style=\"font-size: 14pt; font-family: 'Times New Roman', serif;\">Ebben az esetben is k&eacute;rj&uuml;k, hogy &nbsp;a fentiek szerint&nbsp; j&aacute;rjanak el !<\/span><\/p>\n<p style=\"text-align: justify;\"><span style=\"font-size: 12pt; font-family: 'Times New Roman', serif;\">Budapest, 2016.10.05.<\/span><\/p>\n<p style=\"text-align: right;\"><span style=\"font-size: 12pt; font-family: 'Times New Roman', serif;\">Kert&eacute;sz Margit Julianna<\/span><\/p>\n<p style=\"text-align: right;\"><span style=\"font-size: 12pt; font-family: 'Times New Roman', serif;\">&uuml;zemeltet&eacute;si koordin&aacute;tor<\/span><\/p>\n<p>&nbsp;<\/p>\n<p>&nbsp;<\/p>\n","protected":false},"excerpt":{"rendered":"<p>T&aacute;j&eacute;koztat&oacute; Tisztelt&nbsp; Sz&uuml;l\u0151k! Ez&uacute;ton &nbsp;t&aacute;j&eacute;koztatjuk &nbsp;&Ouml;n&ouml;ket, hogy az \u0151szi&nbsp; sz&uuml;net 2016 november &nbsp;2-4 k&ouml;z&ouml;tt lesz. A&nbsp; sz&uuml;net el\u0151tti&nbsp; utols&oacute; tan&iacute;t&aacute;si nap&nbsp; okt&oacute;ber 28 (p&eacute;ntek), A sz&uuml;net ut&aacute;ni els\u0151 tan&iacute;t&aacute;si nap&nbsp;&hellip;<\/p>\n","protected":false},"author":1,"featured_media":0,"comment_status":"closed","ping_status":"open","sticky":false,"template":"","format":"standard","meta":{"_jetpack_memberships_contains_paid_content":false,"footnotes":""},"categories":[38],"tags":[],"class_list":["post-70","post","type-post","status-publish","format-standard","hentry","category-2016-hirarchivum"],"jetpack_featured_media_url":"","jetpack_sharing_enabled":true,"_links":{"self":[{"href":"https:\/\/mezosuli.hu\/index.php?rest_route=\/wp\/v2\/posts\/70","targetHints":{"allow":["GET"]}}],"collection":[{"href":"https:\/\/mezosuli.hu\/index.php?rest_route=\/wp\/v2\/posts"}],"about":[{"href":"https:\/\/mezosuli.hu\/index.php?rest_route=\/wp\/v2\/types\/post"}],"author":[{"embeddable":true,"href":"https:\/\/mezosuli.hu\/index.php?rest_route=\/wp\/v2\/users\/1"}],"replies":[{"embeddable":true,"href":"https:\/\/mezosuli.hu\/index.php?rest_route=%2Fwp%2Fv2%2Fcomments&post=70"}],"version-history":[{"count":1,"href":"https:\/\/mezosuli.hu\/index.php?rest_route=\/wp\/v2\/posts\/70\/revisions"}],"predecessor-version":[{"id":2271,"href":"https:\/\/mezosuli.hu\/index.php?rest_route=\/wp\/v2\/posts\/70\/revisions\/2271"}],"wp:attachment":[{"href":"https:\/\/mezosuli.hu\/index.php?rest_route=%2Fwp%2Fv2%2Fmedia&parent=70"}],"wp:term":[{"taxonomy":"category","embeddable":true,"href":"https:\/\/mezosuli.hu\/index.php?rest_route=%2Fwp%2Fv2%2Fcategories&post=70"},{"taxonomy":"post_tag","embeddable":true,"href":"https:\/\/mezosuli.hu\/index.php?rest_route=%2Fwp%2Fv2%2Ftags&post=70"}],"curies":[{"name":"wp","href":"https:\/\/api.w.org\/{rel}","templated":true}]}}