{"id":701,"date":"2019-10-16T08:53:14","date_gmt":"2019-10-16T06:53:14","guid":{"rendered":"https:\/\/uj.mezosuli.hu\/?p=701"},"modified":"2026-03-17T10:52:51","modified_gmt":"2026-03-17T09:52:51","slug":"erasmus2019","status":"publish","type":"post","link":"https:\/\/mezosuli.hu\/?p=701","title":{"rendered":"Erasmus+ 2019"},"content":{"rendered":"<div>\n<section style=\"font-size: 16px;\">\n<p><span style=\"font-size: 20pt; font-variant: small-caps; letter-spacing: 1px; color: maroon;\">Erasmus+ p\u00e1ly\u00e1zat 2019 &#8211; \u201eMez\u0151Erasmus\u201d &nbsp;<img loading=\"lazy\" decoding=\"async\" class=\" alignright size-full wp-image-696\" style=\"float: right;\" src=\"https:\/\/uj.mezosuli.hu\/wp-content\/uploads\/2019\/10\/logo.png\" alt=\"logo\" width=\"182\" height=\"47\" \/><br \/><\/span><\/p>\n<p>&nbsp;<\/p>\n<p>A Dr. Mez\u0151 Ferenc Iskola m\u00e1r negyedik alkalommal nyerte meg id\u00e9n az <strong>Erasmus+ KA1 p\u00e1ly\u00e1zatot<\/strong>, t\u00f6bb mint 31 ezer eur\u00f3 \u00f6sszeggel.&nbsp; Ennek eredm\u00e9nyek\u00e9nt az iskol\u00e1b\u00f3l <strong>12 r\u00e9szvev\u0151<\/strong> utazhatott el a ny\u00e1ron k\u00fcl\u00f6nb\u00f6z\u0151 tov\u00e1bbk\u00e9pz\u00e9si helysz\u00ednekre.<\/p>\n<p><img loading=\"lazy\" decoding=\"async\" class=\" alignleft size-full wp-image-697\" style=\"margin: 5px; float: left;\" src=\"https:\/\/uj.mezosuli.hu\/wp-content\/uploads\/2019\/10\/erasmus2019.png\" alt=\"erasmus2019\" width=\"239\" height=\"319\" srcset=\"https:\/\/mezosuli.hu\/wp-content\/uploads\/2019\/10\/erasmus2019.png 491w, https:\/\/mezosuli.hu\/wp-content\/uploads\/2019\/10\/erasmus2019-225x300.png 225w\" sizes=\"auto, (max-width: 239px) 100vw, 239px\" \/>Id\u00e9n el\u0151sz\u00f6r az iskola pszichol\u00f3gusa Orosz Adrienn is a p\u00e1ly\u00e1z\u00f3k k\u00f6z\u00f6tt volt, \u00edgy jutott el Barcelon\u00e1ba, ahol a pozit\u00edv iskolai l\u00e9gk\u00f6r fejleszt\u00e9s\u00e9vel kapcsolatosan vett r\u00e9szt k\u00e9pz\u00e9sen, ami j\u00f3l illeszkedik int\u00e9zm\u00e9ny\u00fcnk <strong>B\u00e9k\u00e9s Iskola<\/strong> programj\u00e1ba is.<\/p>\n<p>A <strong>p\u00e1ly\u00e1zat f\u0151 t\u00e9m\u00e1ja<\/strong>&nbsp; az <strong>inkluz\u00edv oktat\u00e1s<\/strong>, a <strong>tolerancia<\/strong> \u00e9s <strong>elfogad\u00e1s fejleszt\u00e9se<\/strong> az oktat\u00e1s minden r\u00e9sztvev\u0151je k\u00f6r\u00e9ben.<\/p>\n<p>A k\u00e9pz\u00e9sben r\u00e9szvev\u0151k k\u00fcl\u00f6nb\u00f6z\u0151 m\u00f3dszereket, praktikus \u00f6tleteket ismerhettek meg ezzel a ter\u00fclettel kapcsolatosan \u00e9s betekint\u00e9st nyerhettek a modern eur\u00f3pai oktat\u00e1s k\u00fcl\u00f6nb\u00f6z\u0151 ir\u00e1nyzataiba. Ezen k\u00edv\u00fcl alkalmuk ny\u00edlt a tanfolyamokon az interkultur\u00e1lis kapcsolatok fejleszt\u00e9s\u00e9re, illetve az adott k\u00e9pz\u0151 orsz\u00e1g kultur\u00e1lis \u2013 t\u00f6rt\u00e9nelmi hagyom\u00e1nyainak megismer\u00e9s\u00e9re is.<\/p>\n<p>A disszemin\u00e1ci\u00f3s tev\u00e9kenys\u00e9g sor\u00e1n a tanult ismereteket az iskola pedag\u00f3gusai sz\u00e9les k\u00f6rben k\u00edv\u00e1nj\u00e1k terjeszteni, melynek els\u0151 \u00e1llom\u00e1sa az <strong>okt\u00f3ber 10-\u00e9n<\/strong> megrendezend\u0151 \u201e<strong>Erasmus Days<\/strong>\u201d <strong>szakmai m\u0171hely<\/strong>, melyen k\u00fcls\u0151 vend\u00e9gek jelenl\u00e9t\u00e9re is sz\u00e1m\u00edtunk.<\/p>\n<p>A tanfolyamokkal kapcsolatosan a Mez\u0151Erasmus Facebook oldalon is sok hasznos inform\u00e1ci\u00f3t tal\u00e1lhatnak a k\u00e9pz\u00e9s ir\u00e1nt \u00e9rdekl\u0151d\u0151k.<\/p>\n<p>A tan\u00e9v sor\u00e1n tov\u00e1bbi&nbsp; szakmai bemutat\u00f3k, kerekasztal besz\u00e9lget\u00e9sek, workshopok v\u00e1rj\u00e1k a koll\u00e9g\u00e1kat.<\/p>\n<p style=\"text-align: right;\">Cs\u00fcrke Gy\u00f6ngyv\u00e9r<\/p>\n<p style=\"text-align: right;\"><em>projekt koordin\u00e1tor<\/em><\/p>\n<\/section>\n<\/div>\n","protected":false},"excerpt":{"rendered":"<p>Erasmus+ p\u00e1ly\u00e1zat 2019 &#8211; \u201eMez\u0151Erasmus\u201d &nbsp; &nbsp; A Dr. Mez\u0151 Ferenc Iskola m\u00e1r negyedik alkalommal nyerte meg id\u00e9n az Erasmus+ KA1 p\u00e1ly\u00e1zatot, t\u00f6bb mint 31 ezer eur\u00f3 \u00f6sszeggel.&nbsp; Ennek eredm\u00e9nyek\u00e9nt&hellip;<\/p>\n","protected":false},"author":1,"featured_media":696,"comment_status":"closed","ping_status":"open","sticky":false,"template":"","format":"standard","meta":{"_jetpack_memberships_contains_paid_content":false,"footnotes":""},"categories":[22],"tags":[],"class_list":["post-701","post","type-post","status-publish","format-standard","has-post-thumbnail","hentry","category-erasmus-2019"],"jetpack_featured_media_url":"https:\/\/mezosuli.hu\/wp-content\/uploads\/2019\/10\/logo.png","jetpack_sharing_enabled":true,"_links":{"self":[{"href":"https:\/\/mezosuli.hu\/index.php?rest_route=\/wp\/v2\/posts\/701","targetHints":{"allow":["GET"]}}],"collection":[{"href":"https:\/\/mezosuli.hu\/index.php?rest_route=\/wp\/v2\/posts"}],"about":[{"href":"https:\/\/mezosuli.hu\/index.php?rest_route=\/wp\/v2\/types\/post"}],"author":[{"embeddable":true,"href":"https:\/\/mezosuli.hu\/index.php?rest_route=\/wp\/v2\/users\/1"}],"replies":[{"embeddable":true,"href":"https:\/\/mezosuli.hu\/index.php?rest_route=%2Fwp%2Fv2%2Fcomments&post=701"}],"version-history":[{"count":1,"href":"https:\/\/mezosuli.hu\/index.php?rest_route=\/wp\/v2\/posts\/701\/revisions"}],"predecessor-version":[{"id":3037,"href":"https:\/\/mezosuli.hu\/index.php?rest_route=\/wp\/v2\/posts\/701\/revisions\/3037"}],"wp:featuredmedia":[{"embeddable":true,"href":"https:\/\/mezosuli.hu\/index.php?rest_route=\/wp\/v2\/media\/696"}],"wp:attachment":[{"href":"https:\/\/mezosuli.hu\/index.php?rest_route=%2Fwp%2Fv2%2Fmedia&parent=701"}],"wp:term":[{"taxonomy":"category","embeddable":true,"href":"https:\/\/mezosuli.hu\/index.php?rest_route=%2Fwp%2Fv2%2Fcategories&post=701"},{"taxonomy":"post_tag","embeddable":true,"href":"https:\/\/mezosuli.hu\/index.php?rest_route=%2Fwp%2Fv2%2Ftags&post=701"}],"curies":[{"name":"wp","href":"https:\/\/api.w.org\/{rel}","templated":true}]}}