{"id":705,"date":"2019-10-16T09:06:44","date_gmt":"2019-10-16T07:06:44","guid":{"rendered":"https:\/\/uj.mezosuli.hu\/?p=705"},"modified":"2026-03-20T14:35:41","modified_gmt":"2026-03-20T13:35:41","slug":"automentes2019","status":"publish","type":"post","link":"https:\/\/mezosuli.hu\/?p=705","title":{"rendered":"Aut\u00f3mentes nap 2019"},"content":{"rendered":"<div>\n<section style=\"font-size: 16px;\"><span style=\"font-size: 20pt; font-variant: small-caps; letter-spacing: 1px; color: maroon;\"><span style=\"color: #008000;\">Csak term\u00e9szetesen!<\/span> &#8211; Aut\u00f3mentes nap \u00e9s fa\u00fcltet\u00e9s <\/span><\/p>\n<p><span style=\"font-size: 20pt; font-variant: small-caps; letter-spacing: 1px; color: maroon;\">\u00a0\u00a0\u00a0\u00a0\u00a0\u00a0\u00a0\u00a0\u00a0\u00a0\u00a0\u00a0\u00a0\u00a0\u00a0\u00a0\u00a0\u00a0\u00a0\u00a0\u00a0\u00a0\u00a0\u00a0\u00a0\u00a0\u00a0\u00a0\u00a0\u00a0\u00a0\u00a0\u00a0\u00a0\u00a0\u00a0\u00a0 a Mez\u0151ben<\/span><\/p>\n<p>2019.szeptember 20-a mozgalmas nap volt a Dr. Mez\u0151 Ferenc Iskol\u00e1ban. <img loading=\"lazy\" decoding=\"async\" class=\" alignright size-full wp-image-702\" style=\"margin: 5px; float: right;\" src=\"https:\/\/uj.mezosuli.hu\/wp-content\/uploads\/2019\/10\/automentes01.png\" alt=\"automentes01\" width=\"136\" height=\"102\" srcset=\"https:\/\/mezosuli.hu\/wp-content\/uploads\/2019\/10\/automentes01.png 640w, https:\/\/mezosuli.hu\/wp-content\/uploads\/2019\/10\/automentes01-300x225.png 300w\" sizes=\"auto, (max-width: 136px) 100vw, 136px\" \/>Kora d\u00e9lut\u00e1n meg\u00e9rkeztek a Volvo c\u00e9g k\u00e9pvisel\u0151i, akik egy <strong>fa\u00fcltet\u00e9si<\/strong> akci\u00f3 keret\u00e9ben a lelkes di\u00e1kokkal 3 gy\u00fcm\u00f6lcsf\u00e1t \u00fcltettek el a kertben. A c\u00e9g szeretne hozz\u00e1j\u00e1rulni a fa\u00fcltet\u00e9si akci\u00f3j\u00e1val egy <strong>\u00e9lhet\u0151bb, z\u00f6ldebb k\u00f6rnyezet megteremt\u00e9s\u00e9hez<\/strong>.<\/p>\n<p><img loading=\"lazy\" decoding=\"async\" class=\" alignleft size-full wp-image-703\" style=\"margin: 15px 5px 5px; float: left;\" src=\"https:\/\/uj.mezosuli.hu\/wp-content\/uploads\/2019\/10\/automentes02.png\" alt=\"automentes02\" width=\"120\" height=\"90\" srcset=\"https:\/\/mezosuli.hu\/wp-content\/uploads\/2019\/10\/automentes02.png 640w, https:\/\/mezosuli.hu\/wp-content\/uploads\/2019\/10\/automentes02-300x225.png 300w\" sizes=\"auto, (max-width: 120px) 100vw, 120px\" \/>Ugyanezen a napon a k\u00f6zelg\u0151 <strong>Aut\u00f3mentes <\/strong><strong>nap<\/strong> keret\u00e9ben di\u00e1kjaink kipr\u00f3b\u00e1lhatt\u00e1k magukat egy \u00fcgyess\u00e9gi p\u00e1ly\u00e1n <strong>\u2013 k\u00e9t ker\u00e9ken<\/strong>, <strong>rolleren<\/strong> \u00e9s<strong> g\u00f6rkorcsoly\u00e1val <\/strong>is. Nagy \u00e9rdekl\u0151d\u00e9s mellett, ver\u0151f\u00e9nyes naps\u00fct\u00e9ses d\u00e9lut\u00e1non ker\u00fclgett\u00e9k az akad\u00e1lyokat a gyerekek. Egyre t\u00f6bben haszn\u00e1lj\u00e1k ezeket az eszk\u00f6z\u00f6ket a rendszeres napi k\u00f6zleked\u00e9sre is, amit az iskola ker\u00e9kp\u00e1r \u00e9s rollert\u00e1rol\u00f3j\u00e1ban elhelyezett egyre t\u00f6bb \u201ej\u00e1rm\u0171\u201d <img loading=\"lazy\" decoding=\"async\" class=\" alignright size-full wp-image-704\" style=\"margin: 5px; float: right;\" src=\"https:\/\/uj.mezosuli.hu\/wp-content\/uploads\/2019\/10\/automentes03.png\" alt=\"automentes03\" width=\"137\" height=\"102\" srcset=\"https:\/\/mezosuli.hu\/wp-content\/uploads\/2019\/10\/automentes03.png 640w, https:\/\/mezosuli.hu\/wp-content\/uploads\/2019\/10\/automentes03-300x225.png 300w\" sizes=\"auto, (max-width: 137px) 100vw, 137px\" \/>is bizony\u00edt reggelente.\u00a0 A legkisebbek pedig sz\u00ednes aszfaltrajzokat k\u00e9sz\u00edtettek az iskol\u00e1t k\u00f6r\u00fclvev\u0151 j\u00e1rd\u00e1kon az aut\u00f3mentes k\u00f6zleked\u00e9s form\u00e1ir\u00f3l \u00e9s a k\u00f6rnyezetv\u00e9delemmel kapcsolatban.<\/p>\n<p>&nbsp;<\/p>\n<div style=\"text-align: right;\" align=\"center\">\n<p>Cs\u00fcrke Gy\u00f6ngyv\u00e9r<\/p>\n<div>\n<p style=\"float: right;\"><span style=\"font-size: 16px;\"><em>\u00d6ko munkacsoport<\/em><\/span><\/p>\n<\/div>\n<\/div>\n<\/section>\n<\/div>\n","protected":false},"excerpt":{"rendered":"<p>Csak term\u00e9szetesen! &#8211; Aut\u00f3mentes nap \u00e9s fa\u00fcltet\u00e9s \u00a0\u00a0\u00a0\u00a0\u00a0\u00a0\u00a0\u00a0\u00a0\u00a0\u00a0\u00a0\u00a0\u00a0\u00a0\u00a0\u00a0\u00a0\u00a0\u00a0\u00a0\u00a0\u00a0\u00a0\u00a0\u00a0\u00a0\u00a0\u00a0\u00a0\u00a0\u00a0\u00a0\u00a0\u00a0\u00a0\u00a0 a Mez\u0151ben 2019.szeptember 20-a mozgalmas nap volt a Dr. Mez\u0151 Ferenc Iskol\u00e1ban. Kora d\u00e9lut\u00e1n meg\u00e9rkeztek a Volvo c\u00e9g k\u00e9pvisel\u0151i, akik egy fa\u00fcltet\u00e9si&hellip;<\/p>\n","protected":false},"author":1,"featured_media":0,"comment_status":"closed","ping_status":"open","sticky":false,"template":"","format":"standard","meta":{"_jetpack_memberships_contains_paid_content":false,"footnotes":""},"categories":[41],"tags":[],"class_list":["post-705","post","type-post","status-publish","format-standard","hentry","category-2019-hirarchivum"],"jetpack_featured_media_url":"","jetpack_sharing_enabled":true,"_links":{"self":[{"href":"https:\/\/mezosuli.hu\/index.php?rest_route=\/wp\/v2\/posts\/705","targetHints":{"allow":["GET"]}}],"collection":[{"href":"https:\/\/mezosuli.hu\/index.php?rest_route=\/wp\/v2\/posts"}],"about":[{"href":"https:\/\/mezosuli.hu\/index.php?rest_route=\/wp\/v2\/types\/post"}],"author":[{"embeddable":true,"href":"https:\/\/mezosuli.hu\/index.php?rest_route=\/wp\/v2\/users\/1"}],"replies":[{"embeddable":true,"href":"https:\/\/mezosuli.hu\/index.php?rest_route=%2Fwp%2Fv2%2Fcomments&post=705"}],"version-history":[{"count":2,"href":"https:\/\/mezosuli.hu\/index.php?rest_route=\/wp\/v2\/posts\/705\/revisions"}],"predecessor-version":[{"id":3598,"href":"https:\/\/mezosuli.hu\/index.php?rest_route=\/wp\/v2\/posts\/705\/revisions\/3598"}],"wp:attachment":[{"href":"https:\/\/mezosuli.hu\/index.php?rest_route=%2Fwp%2Fv2%2Fmedia&parent=705"}],"wp:term":[{"taxonomy":"category","embeddable":true,"href":"https:\/\/mezosuli.hu\/index.php?rest_route=%2Fwp%2Fv2%2Fcategories&post=705"},{"taxonomy":"post_tag","embeddable":true,"href":"https:\/\/mezosuli.hu\/index.php?rest_route=%2Fwp%2Fv2%2Ftags&post=705"}],"curies":[{"name":"wp","href":"https:\/\/api.w.org\/{rel}","templated":true}]}}