{"id":708,"date":"2019-10-16T09:24:31","date_gmt":"2019-10-16T07:24:31","guid":{"rendered":"https:\/\/uj.mezosuli.hu\/?p=708"},"modified":"2026-03-17T10:52:51","modified_gmt":"2026-03-17T09:52:51","slug":"szulok-iskolaja","status":"publish","type":"post","link":"https:\/\/mezosuli.hu\/?p=708","title":{"rendered":"Sz\u00fcl\u0151k iskol\u00e1ja"},"content":{"rendered":"<div>\n<section style=\"font-size: 16px;\">\n<p><span style=\"font-size: 20pt; font-variant: small-caps; letter-spacing: 1px; color: maroon;\">Sz\u00fcl\u0151k iskol\u00e1ja a Mez\u0151ben<br \/><\/span><\/p>\n<p style=\"text-align: justify;\">A 2018\/2019-es tan\u00e9vben elindult a Sz\u00fcl\u0151k iskol\u00e1ja programsorozat <img loading=\"lazy\" decoding=\"async\" class=\" alignright size-full wp-image-706\" style=\"margin: 15px; border: 1px solid #000000; float: right;\" src=\"https:\/\/uj.mezosuli.hu\/wp-content\/uploads\/2019\/10\/szuloki01a.jpg\" alt=\"szuloki01a\" width=\"397\" height=\"256\" srcset=\"https:\/\/mezosuli.hu\/wp-content\/uploads\/2019\/10\/szuloki01a.jpg 733w, https:\/\/mezosuli.hu\/wp-content\/uploads\/2019\/10\/szuloki01a-300x194.jpg 300w\" sizes=\"auto, (max-width: 397px) 100vw, 397px\" \/>a Dr. Mez\u0151 Ferenc \u00c1ltal\u00e1nos Iskol\u00e1ban. R\u00e9gi sz\u00fcl\u0151i k\u00e9r\u00e9s volt, hogy iskol\u00e1nk szakembereit\u0151l rendszeres alkalmak form\u00e1j\u00e1ban kaphassanak seg\u00edts\u00e9get, tan\u00e1csot a gyermeknevel\u00e9s neh\u00e9z k\u00e9rd\u00e9seiben. A m\u00falt tan\u00e9vben 3 alkalommal l\u00e1ttuk vend\u00e9g\u00fcl a sz\u00fcl\u0151ket, saj\u00e1t koll\u00e9g\u00e1ink mellett k\u00fcls\u0151s szakemberek tartottak el\u0151ad\u00e1sokat olyan sokakat \u00e9rint\u0151 t\u00e9m\u00e1kban, mint iskolai szorong\u00e1s, biztons\u00e1gos internethaszn\u00e1lat vagy bullying. A pozit\u00edv visszajelz\u00e9sek nyom\u00e1n az idei tan\u00e9vben 4 alkalmat tervez\u00fcnk.<\/p>\n<p><img loading=\"lazy\" decoding=\"async\" class=\" alignleft size-full wp-image-707\" style=\"margin: 10px; border: 1px solid #000000; float: left;\" src=\"https:\/\/uj.mezosuli.hu\/wp-content\/uploads\/2019\/10\/szuloki01b.jpg\" alt=\"szuloki01b\" width=\"154\" height=\"209\" srcset=\"https:\/\/mezosuli.hu\/wp-content\/uploads\/2019\/10\/szuloki01b.jpg 377w, https:\/\/mezosuli.hu\/wp-content\/uploads\/2019\/10\/szuloki01b-221x300.jpg 221w\" sizes=\"auto, (max-width: 154px) 100vw, 154px\" \/><\/p>\n<p>&nbsp;<\/p>\n<p style=\"text-align: justify;\">2019.szeptember 25-\u00e9n els\u0151 oszt\u00e1lyosaink sz\u00fcleit invit\u00e1ltuk a tan\u00e9v els\u0151 Sz\u00fcl\u0151k iskol\u00e1j\u00e1ra, ahol iskolapszichol\u00f3gusunk, Orosz Adrienn \u00e9s fejleszt\u0151pedag\u00f3gusaink, Cs\u00e1t Rita \u00e9s Simon Eszter igyekeztek megismertetni a sz\u00fcl\u0151ket az els\u0151 iskola\u00e9v kih\u00edv\u00e1saival \u00e9s neh\u00e9zs\u00e9geivel, de sz\u00f3 volt az iskolai \u00e9s otthoni fejleszt\u00e9s lehet\u0151s\u00e9geir\u0151l is. Az el\u0151ad\u00e1s v\u00e9g\u00e9n a sz\u00fcl\u0151k feltehett\u00e9k k\u00e9rd\u00e9seiket \u00e9s modern fejleszt\u0151j\u00e1t\u00e9kokkal ismerkedhettek, s\u0151t ki is pr\u00f3b\u00e1lhatt\u00e1k \u0151ket.<\/p>\n<p style=\"text-align: right;\">Orosz Adrienn<\/p>\n<p style=\"text-align: right;\"><em>iskolapszichol\u00f3gus<\/em><\/p>\n<p><\/p>\n<div align=\"center\"><\/p>\n<div>\n<p style=\"float: right;\"><span style=\"font-size: 16px;\">Budapest, 2019 okt\u00f3ber 16.<br \/><\/span><\/p>\n<\/div>\n<\/div>\n<\/section>\n<\/div>\n","protected":false},"excerpt":{"rendered":"<p>Sz\u00fcl\u0151k iskol\u00e1ja a Mez\u0151ben A 2018\/2019-es tan\u00e9vben elindult a Sz\u00fcl\u0151k iskol\u00e1ja programsorozat a Dr. Mez\u0151 Ferenc \u00c1ltal\u00e1nos Iskol\u00e1ban. R\u00e9gi sz\u00fcl\u0151i k\u00e9r\u00e9s volt, hogy iskol\u00e1nk szakembereit\u0151l rendszeres alkalmak form\u00e1j\u00e1ban kaphassanak seg\u00edts\u00e9get,&hellip;<\/p>\n","protected":false},"author":1,"featured_media":706,"comment_status":"closed","ping_status":"open","sticky":false,"template":"","format":"standard","meta":{"_jetpack_memberships_contains_paid_content":false,"footnotes":""},"categories":[41],"tags":[],"class_list":["post-708","post","type-post","status-publish","format-standard","has-post-thumbnail","hentry","category-2019-hirarchivum"],"jetpack_featured_media_url":"https:\/\/mezosuli.hu\/wp-content\/uploads\/2019\/10\/szuloki01a.jpg","jetpack_sharing_enabled":true,"_links":{"self":[{"href":"https:\/\/mezosuli.hu\/index.php?rest_route=\/wp\/v2\/posts\/708","targetHints":{"allow":["GET"]}}],"collection":[{"href":"https:\/\/mezosuli.hu\/index.php?rest_route=\/wp\/v2\/posts"}],"about":[{"href":"https:\/\/mezosuli.hu\/index.php?rest_route=\/wp\/v2\/types\/post"}],"author":[{"embeddable":true,"href":"https:\/\/mezosuli.hu\/index.php?rest_route=\/wp\/v2\/users\/1"}],"replies":[{"embeddable":true,"href":"https:\/\/mezosuli.hu\/index.php?rest_route=%2Fwp%2Fv2%2Fcomments&post=708"}],"version-history":[{"count":1,"href":"https:\/\/mezosuli.hu\/index.php?rest_route=\/wp\/v2\/posts\/708\/revisions"}],"predecessor-version":[{"id":2501,"href":"https:\/\/mezosuli.hu\/index.php?rest_route=\/wp\/v2\/posts\/708\/revisions\/2501"}],"wp:featuredmedia":[{"embeddable":true,"href":"https:\/\/mezosuli.hu\/index.php?rest_route=\/wp\/v2\/media\/706"}],"wp:attachment":[{"href":"https:\/\/mezosuli.hu\/index.php?rest_route=%2Fwp%2Fv2%2Fmedia&parent=708"}],"wp:term":[{"taxonomy":"category","embeddable":true,"href":"https:\/\/mezosuli.hu\/index.php?rest_route=%2Fwp%2Fv2%2Fcategories&post=708"},{"taxonomy":"post_tag","embeddable":true,"href":"https:\/\/mezosuli.hu\/index.php?rest_route=%2Fwp%2Fv2%2Ftags&post=708"}],"curies":[{"name":"wp","href":"https:\/\/api.w.org\/{rel}","templated":true}]}}