{"id":718,"date":"2019-11-05T14:50:20","date_gmt":"2019-11-05T13:50:20","guid":{"rendered":"https:\/\/uj.mezosuli.hu\/?p=718"},"modified":"2026-03-17T10:52:51","modified_gmt":"2026-03-17T09:52:51","slug":"verseny-2019-harkai","status":"publish","type":"post","link":"https:\/\/mezosuli.hu\/?p=718","title":{"rendered":"Verseny 2019. Harkai D\u00f3ra (2)"},"content":{"rendered":"<div style=\"font-family: 'Raleway', sans-serif;\" align=\"center\">\n<section style=\"font-size: 16px;\">\n<p style=\"font-size: 16px; text-align: justify; font-family: 'Open Sans', sans-serif; font-weight: 500;\"><span style=\"color: #ff6600; font-size: 20pt; font-variant-caps: small-caps; letter-spacing: 1pt;\">Versenyeredm\u00e9ny!<\/span><\/p>\n<hr \/>\n<p style=\"text-align: justify; line-height: 24px; margin-right: 10px;\"><span style=\"font-size: 14pt;\"><br \/><img loading=\"lazy\" decoding=\"async\" class=\" alignleft size-full wp-image-318\" style=\"margin: 0px 20px 30px 5px; vertical-align: top; display: inline-block; float: left;\" src=\"https:\/\/uj.mezosuli.hu\/wp-content\/uploads\/2018\/02\/verseny_eredmeny_1_helyezet.png\" alt=\"Verseny - 3. helyez\u00e9s\" width=\"100\" height=\"100\" \/><img loading=\"lazy\" decoding=\"async\" class=\" alignright size-full wp-image-717\" style=\"margin: 0px 0px 0px 20px; vertical-align: top; display: inline-block; float: right;\" src=\"https:\/\/uj.mezosuli.hu\/wp-content\/uploads\/2019\/11\/HarkaiDora.jpg\" alt=\"Verseny - 2. helyez\u00e9s\" width=\"150\" height=\"200\" srcset=\"https:\/\/mezosuli.hu\/wp-content\/uploads\/2019\/11\/HarkaiDora.jpg 1512w, https:\/\/mezosuli.hu\/wp-content\/uploads\/2019\/11\/HarkaiDora-225x300.jpg 225w, https:\/\/mezosuli.hu\/wp-content\/uploads\/2019\/11\/HarkaiDora-768x1024.jpg 768w, https:\/\/mezosuli.hu\/wp-content\/uploads\/2019\/11\/HarkaiDora-1152x1536.jpg 1152w\" sizes=\"auto, (max-width: 150px) 100vw, 150px\" \/><span style=\"padding-top: 25px;\"><strong>Harkai D\u00f3ra<\/strong> 6.d oszt\u00e1lyos tanul\u00f3nk a <strong>M\u00f3ra Ferenc sz\u00f6veg\u00e9rt\u00e9si verseny<\/strong> ker\u00fcleti fordul\u00f3j\u00e1n <strong>1. helyez\u00e9st<\/strong> \u00e9rt el. <strong><span style=\"color: #ff6600;\"><br \/><\/span><\/strong><\/span><\/span><\/p>\n<p style=\"text-align: justify; line-height: 24px; margin-right: 10px;\"><em><span style=\"font-size: 14pt;\"><span style=\"padding-top: 25px;\">felk\u00e9sz\u00edt\u0151 tan\u00e1ra: S\u00e1ndor Gizella<br \/><\/span><\/span><\/em><\/p>\n<p>&nbsp;<\/p>\n<p class=\"clearfix\" style=\"text-align: right;\"><span style=\"font-size: 14pt;\">Gratul\u00e1lunk !<\/span><br \/><span style=\"font-family: helvetica;\"><span style=\"font-size: 14pt;\"><br \/><\/span><\/span><\/p>\n<div style=\"font-size: 16px;\" align=\"center\">\n<div>\n<p style=\"float: right;\"><span style=\"font-size: 16px; font-family: 'Raleway', sans-serif;\"><span>Budapest, 2019. november 05.<\/span><br \/><\/span><\/p>\n<\/div>\n<\/div>\n<\/section>\n<\/div>\n","protected":false},"excerpt":{"rendered":"<p>Versenyeredm\u00e9ny! Harkai D\u00f3ra 6.d oszt\u00e1lyos tanul\u00f3nk a M\u00f3ra Ferenc sz\u00f6veg\u00e9rt\u00e9si verseny ker\u00fcleti fordul\u00f3j\u00e1n 1. helyez\u00e9st \u00e9rt el. felk\u00e9sz\u00edt\u0151 tan\u00e1ra: S\u00e1ndor Gizella &nbsp; Gratul\u00e1lunk ! Budapest, 2019. november 05.<\/p>\n","protected":false},"author":1,"featured_media":318,"comment_status":"closed","ping_status":"open","sticky":false,"template":"","format":"standard","meta":{"_jetpack_memberships_contains_paid_content":false,"footnotes":""},"categories":[41],"tags":[],"class_list":["post-718","post","type-post","status-publish","format-standard","has-post-thumbnail","hentry","category-2019-hirarchivum"],"jetpack_featured_media_url":"https:\/\/mezosuli.hu\/wp-content\/uploads\/2018\/02\/verseny_eredmeny_1_helyezet.png","jetpack_sharing_enabled":true,"_links":{"self":[{"href":"https:\/\/mezosuli.hu\/index.php?rest_route=\/wp\/v2\/posts\/718","targetHints":{"allow":["GET"]}}],"collection":[{"href":"https:\/\/mezosuli.hu\/index.php?rest_route=\/wp\/v2\/posts"}],"about":[{"href":"https:\/\/mezosuli.hu\/index.php?rest_route=\/wp\/v2\/types\/post"}],"author":[{"embeddable":true,"href":"https:\/\/mezosuli.hu\/index.php?rest_route=\/wp\/v2\/users\/1"}],"replies":[{"embeddable":true,"href":"https:\/\/mezosuli.hu\/index.php?rest_route=%2Fwp%2Fv2%2Fcomments&post=718"}],"version-history":[{"count":1,"href":"https:\/\/mezosuli.hu\/index.php?rest_route=\/wp\/v2\/posts\/718\/revisions"}],"predecessor-version":[{"id":2504,"href":"https:\/\/mezosuli.hu\/index.php?rest_route=\/wp\/v2\/posts\/718\/revisions\/2504"}],"wp:featuredmedia":[{"embeddable":true,"href":"https:\/\/mezosuli.hu\/index.php?rest_route=\/wp\/v2\/media\/318"}],"wp:attachment":[{"href":"https:\/\/mezosuli.hu\/index.php?rest_route=%2Fwp%2Fv2%2Fmedia&parent=718"}],"wp:term":[{"taxonomy":"category","embeddable":true,"href":"https:\/\/mezosuli.hu\/index.php?rest_route=%2Fwp%2Fv2%2Fcategories&post=718"},{"taxonomy":"post_tag","embeddable":true,"href":"https:\/\/mezosuli.hu\/index.php?rest_route=%2Fwp%2Fv2%2Ftags&post=718"}],"curies":[{"name":"wp","href":"https:\/\/api.w.org\/{rel}","templated":true}]}}