{"id":730,"date":"2019-11-12T15:05:32","date_gmt":"2019-11-12T14:05:32","guid":{"rendered":"https:\/\/uj.mezosuli.hu\/?p=730"},"modified":"2026-03-17T10:52:50","modified_gmt":"2026-03-17T09:52:50","slug":"fenntartoi-fogadoora","status":"publish","type":"post","link":"https:\/\/mezosuli.hu\/?p=730","title":{"rendered":"Fenntart\u00f3i fogad\u00f3\u00f3ra 2019"},"content":{"rendered":"<div>\n<section style=\"font-size: 16px;\">\n<p><span style=\"font-size: 20pt; font-variant: small-caps; letter-spacing: 1px; color: maroon;\"><span style=\"color: #008000;\">Tisztelt sz\u00fcl\u0151k!<br \/><\/span><\/span><\/p>\n<p><span style=\"font-size: 14pt;\">\u00c9rtes\u00edtem \u00d6n\u00f6ket, hogy <strong>dr. H\u00e1zlinger Gy\u00f6rgy<\/strong>, az iskola fenntart\u00e1s\u00e1\u00e9rt \u00e9s \u00fczemeltet\u00e9s\u00e9\u00e9rt felel\u0151s K\u00f6z\u00e9p-Pesti Tanker\u00fcleti K\u00f6zpont igazgat\u00f3ja<strong> 2019. november 26-\u00e1n<\/strong> (kedden) <strong>16.00-17.00<\/strong> \u00f3ra k\u00f6z\u00f6tt az igazgat\u00f3i t\u00e1rgyal\u00f3ban fogad\u00f3 \u00f3r\u00e1t tart. <\/span><\/p>\n<p><span style=\"font-size: 14pt;\">A jelzett id\u0151pontban felkereshet\u0151 b\u00e1rmely, a fenntart\u00f3 hat\u00e1sk\u00f6r\u00e9be tartoz\u00f3 \u00fcggyel kapcsolatosan, tov\u00e1bb\u00e1 esetleges panasz, illetve javaslat is el\u0151terjeszthet\u0151. <\/span><\/p>\n<p><span style=\"font-size: 14pt;\">El\u0151zetes bejelentkez\u00e9s nem sz\u00fcks\u00e9ges, k\u00e9rem, forduljanak hozz\u00e1 bizalommal.<\/span><\/p>\n<\/section>\n<\/div>\n<div style=\"text-align: right;\" align=\"center\"><span style=\"font-size: 14pt;\">Gomb\u00e1r Erzs\u00e9bet<\/span><\/p>\n<p style=\"float: right;\"><span style=\"font-size: 14pt;\"><em>int\u00e9zm\u00e9nyvezet\u0151<\/em><\/span><\/p>\n<\/div>\n","protected":false},"excerpt":{"rendered":"<p>Tisztelt sz\u00fcl\u0151k! \u00c9rtes\u00edtem \u00d6n\u00f6ket, hogy dr. H\u00e1zlinger Gy\u00f6rgy, az iskola fenntart\u00e1s\u00e1\u00e9rt \u00e9s \u00fczemeltet\u00e9s\u00e9\u00e9rt felel\u0151s K\u00f6z\u00e9p-Pesti Tanker\u00fcleti K\u00f6zpont igazgat\u00f3ja 2019. november 26-\u00e1n (kedden) 16.00-17.00 \u00f3ra k\u00f6z\u00f6tt az igazgat\u00f3i t\u00e1rgyal\u00f3ban fogad\u00f3 \u00f3r\u00e1t&hellip;<\/p>\n","protected":false},"author":1,"featured_media":0,"comment_status":"closed","ping_status":"open","sticky":false,"template":"","format":"standard","meta":{"_jetpack_memberships_contains_paid_content":false,"footnotes":""},"categories":[41],"tags":[],"class_list":["post-730","post","type-post","status-publish","format-standard","hentry","category-2019-hirarchivum"],"jetpack_featured_media_url":"","jetpack_sharing_enabled":true,"_links":{"self":[{"href":"https:\/\/mezosuli.hu\/index.php?rest_route=\/wp\/v2\/posts\/730","targetHints":{"allow":["GET"]}}],"collection":[{"href":"https:\/\/mezosuli.hu\/index.php?rest_route=\/wp\/v2\/posts"}],"about":[{"href":"https:\/\/mezosuli.hu\/index.php?rest_route=\/wp\/v2\/types\/post"}],"author":[{"embeddable":true,"href":"https:\/\/mezosuli.hu\/index.php?rest_route=\/wp\/v2\/users\/1"}],"replies":[{"embeddable":true,"href":"https:\/\/mezosuli.hu\/index.php?rest_route=%2Fwp%2Fv2%2Fcomments&post=730"}],"version-history":[{"count":1,"href":"https:\/\/mezosuli.hu\/index.php?rest_route=\/wp\/v2\/posts\/730\/revisions"}],"predecessor-version":[{"id":2509,"href":"https:\/\/mezosuli.hu\/index.php?rest_route=\/wp\/v2\/posts\/730\/revisions\/2509"}],"wp:attachment":[{"href":"https:\/\/mezosuli.hu\/index.php?rest_route=%2Fwp%2Fv2%2Fmedia&parent=730"}],"wp:term":[{"taxonomy":"category","embeddable":true,"href":"https:\/\/mezosuli.hu\/index.php?rest_route=%2Fwp%2Fv2%2Fcategories&post=730"},{"taxonomy":"post_tag","embeddable":true,"href":"https:\/\/mezosuli.hu\/index.php?rest_route=%2Fwp%2Fv2%2Ftags&post=730"}],"curies":[{"name":"wp","href":"https:\/\/api.w.org\/{rel}","templated":true}]}}