{"id":732,"date":"2019-11-12T15:13:37","date_gmt":"2019-11-12T14:13:37","guid":{"rendered":"https:\/\/uj.mezosuli.hu\/?p=732"},"modified":"2026-03-17T10:52:50","modified_gmt":"2026-03-17T09:52:50","slug":"brfk-prevencio","status":"publish","type":"post","link":"https:\/\/mezosuli.hu\/?p=732","title":{"rendered":"BRFK prevenci\u00f3 2019"},"content":{"rendered":"<div>\n<section style=\"font-size: 16px;\">\n<p><span style=\"font-size: 20pt; font-variant: small-caps; letter-spacing: 1px; color: maroon;\"><span style=\"color: #008000;\">MEGH\u00cdV\u00d3<img loading=\"lazy\" decoding=\"async\" class=\" alignright size-full wp-image-731\" style=\"float: right;\" src=\"https:\/\/uj.mezosuli.hu\/wp-content\/uploads\/2019\/11\/szer_ami_megvaltoztat.jpg\" alt=\"szer ami megvaltoztat\" width=\"375\" height=\"212\" srcset=\"https:\/\/mezosuli.hu\/wp-content\/uploads\/2019\/11\/szer_ami_megvaltoztat.jpg 900w, https:\/\/mezosuli.hu\/wp-content\/uploads\/2019\/11\/szer_ami_megvaltoztat-300x169.jpg 300w, https:\/\/mezosuli.hu\/wp-content\/uploads\/2019\/11\/szer_ami_megvaltoztat-768x433.jpg 768w\" sizes=\"auto, (max-width: 375px) 100vw, 375px\" \/><br \/><\/span><\/span><\/p>\n<p>&nbsp;<\/p>\n<p><span style=\"font-size: 14pt;\"><strong>Tisztelt Sz\u00fcl\u0151k!<\/strong> <\/span><\/p>\n<p><span style=\"font-size: 14pt;\">2019-2020-as tan\u00e9vben a BRFK <strong>&#8222;<span style=\"color: maroon;\">A Szer, ami megv\u00e1ltoztat<\/span>&#8222;<\/strong> c\u00edmmel prevenci\u00f3s t\u00e1j\u00e9koztat\u00f3 programot ind\u00edtott, a 7-8. oszt\u00e1lyos tanul\u00f3k sz\u00fcleinek. <\/span><\/p>\n<p><span style=\"font-size: 14pt;\"><strong>2019.11.20-\u00e1n 17<\/strong> \u00f3rai kezdettel Sz\u00fcl\u0151k Iskol\u00e1ja rendezv\u00e9ny\u00fcnk keret\u00e9ben megismerhetik a val\u00f3s, ismert szem\u00e9lyekhez k\u00f6t\u00f6tt film \u00e9s el\u0151ad\u00e1s r\u00e9v\u00e9n a programot. Miel\u0151tt gondolatban, azonnal elutas\u00edtan\u00e1k a t\u00e9m\u00e1t,- mert vel\u00fcnk ez \u00fagysem t\u00f6rt\u00e9nhet meg &#8211; jelenl\u00e9t\u00fckkel, \u00e9rdekl\u0151d\u00e9s\u00fckkel tegyenek az\u00e9rt, hogy soha ne kelljen szembes\u00fclni\u00fck sz\u00fcl\u0151k\u00e9nt gyermek\u00fck vesz\u00e9lyeztetett \u00e9lethelyzet\u00e9vel. <\/span><\/p>\n<p><span style=\"font-size: 14pt;\">A gyermekeik eg\u00e9szs\u00e9ges fejl\u0151d\u00e9se \u00e9rdek\u00e9ben, k\u00e9rem, sz\u00e1njanak erre egy \u00f3r\u00e1t idej\u00fckb\u0151l! <\/span><\/p>\n<p style=\"text-align: right;\"><span style=\"font-size: 14pt;\">\u00dcdv\u00f6zlettel: <\/span><\/p>\n<\/section>\n<\/div>\n<div style=\"text-align: right;\" align=\"center\"><span style=\"font-size: 14pt;\">Gomb\u00e1r Erzs\u00e9bet<\/span><\/p>\n<p style=\"float: right;\"><span style=\"font-size: 14pt;\"><em>int\u00e9zm\u00e9nyvezet\u0151<\/em><\/span><\/p>\n<\/div>\n","protected":false},"excerpt":{"rendered":"<p>MEGH\u00cdV\u00d3 &nbsp; Tisztelt Sz\u00fcl\u0151k! 2019-2020-as tan\u00e9vben a BRFK &#8222;A Szer, ami megv\u00e1ltoztat&#8222; c\u00edmmel prevenci\u00f3s t\u00e1j\u00e9koztat\u00f3 programot ind\u00edtott, a 7-8. oszt\u00e1lyos tanul\u00f3k sz\u00fcleinek. 2019.11.20-\u00e1n 17 \u00f3rai kezdettel Sz\u00fcl\u0151k Iskol\u00e1ja rendezv\u00e9ny\u00fcnk keret\u00e9ben&hellip;<\/p>\n","protected":false},"author":1,"featured_media":731,"comment_status":"closed","ping_status":"open","sticky":false,"template":"","format":"standard","meta":{"_jetpack_memberships_contains_paid_content":false,"footnotes":""},"categories":[41],"tags":[],"class_list":["post-732","post","type-post","status-publish","format-standard","has-post-thumbnail","hentry","category-2019-hirarchivum"],"jetpack_featured_media_url":"https:\/\/mezosuli.hu\/wp-content\/uploads\/2019\/11\/szer_ami_megvaltoztat.jpg","jetpack_sharing_enabled":true,"_links":{"self":[{"href":"https:\/\/mezosuli.hu\/index.php?rest_route=\/wp\/v2\/posts\/732","targetHints":{"allow":["GET"]}}],"collection":[{"href":"https:\/\/mezosuli.hu\/index.php?rest_route=\/wp\/v2\/posts"}],"about":[{"href":"https:\/\/mezosuli.hu\/index.php?rest_route=\/wp\/v2\/types\/post"}],"author":[{"embeddable":true,"href":"https:\/\/mezosuli.hu\/index.php?rest_route=\/wp\/v2\/users\/1"}],"replies":[{"embeddable":true,"href":"https:\/\/mezosuli.hu\/index.php?rest_route=%2Fwp%2Fv2%2Fcomments&post=732"}],"version-history":[{"count":1,"href":"https:\/\/mezosuli.hu\/index.php?rest_route=\/wp\/v2\/posts\/732\/revisions"}],"predecessor-version":[{"id":2510,"href":"https:\/\/mezosuli.hu\/index.php?rest_route=\/wp\/v2\/posts\/732\/revisions\/2510"}],"wp:featuredmedia":[{"embeddable":true,"href":"https:\/\/mezosuli.hu\/index.php?rest_route=\/wp\/v2\/media\/731"}],"wp:attachment":[{"href":"https:\/\/mezosuli.hu\/index.php?rest_route=%2Fwp%2Fv2%2Fmedia&parent=732"}],"wp:term":[{"taxonomy":"category","embeddable":true,"href":"https:\/\/mezosuli.hu\/index.php?rest_route=%2Fwp%2Fv2%2Fcategories&post=732"},{"taxonomy":"post_tag","embeddable":true,"href":"https:\/\/mezosuli.hu\/index.php?rest_route=%2Fwp%2Fv2%2Ftags&post=732"}],"curies":[{"name":"wp","href":"https:\/\/api.w.org\/{rel}","templated":true}]}}