{"id":737,"date":"2019-11-12T23:02:12","date_gmt":"2019-11-12T22:02:12","guid":{"rendered":"https:\/\/uj.mezosuli.hu\/?p=737"},"modified":"2026-03-17T10:52:50","modified_gmt":"2026-03-17T09:52:50","slug":"oko-hirek-2019-11-12","status":"publish","type":"post","link":"https:\/\/mezosuli.hu\/?p=737","title":{"rendered":"\u00d6ko h\u00edrek 2019.11.12."},"content":{"rendered":"<hr \/>\n<div class=\"txF_raleway tx16t\" style=\"padding-bottom: 5px;\">\n<p class=\"tx_headline tx20t\">November:<\/p>\n<div class=\"txF_raleway tx16t\" style=\"padding-bottom: 5px;\">\n<p><span style=\"font-size: 14pt; color: #000000; font-family: 'book antiqua', palatino;\"><strong>November 16-24.:<\/strong>&nbsp;<a href=\"https:\/\/uj.mezosuli.hu\/wp-content\/uploads\/2019\/11\/ehh_2019_mimarcsatlakoztunk.pdf\" target=\"_blank\">EUR\u00d3PAI HULLAD\u00c9KCS\u00d6KKENT\u00c9SI H\u00c9T<\/a><\/span><\/p>\n<p><span style=\"font-size: 14pt; color: #000000; font-family: 'book antiqua', palatino;\">Iskol\u00e1nk minden \u00e9vben csatlakozik ehhez a megmozdul\u00e1shoz.&nbsp;<\/span><\/p>\n<p style=\"text-align: center;\"><span style=\"font-size: 14pt; color: #339966; font-family: 'book antiqua', palatino;\">,,Nyisd ki a szemed \u00e9s cs\u00f6kkentsd a szemeted!\u201d<\/span><\/p>\n<p style=\"text-align: justify;\"><span style=\"font-size: 14pt; color: #000000; font-family: 'book antiqua', palatino;\">Ezzel a szlogennel hirdetj\u00fck meg a k\u00f6vetkez\u0151 iskolai programokat:<\/span><\/p>\n<p><span style=\"font-size: 14pt; color: #000000; font-family: 'book antiqua', palatino;\"><span style=\"font-size: 14pt; color: #000000; font-family: 'book antiqua', palatino;\">1. Tudatos v\u00e1s\u00e1rl\u00e1s a k\u00f6zeli z\u00f6lds\u00e9ges boltban.&nbsp;<\/span><\/span><\/p>\n<p><span style=\"font-size: 14pt; font-family: 'book antiqua', palatino;\">2. ,,<a href=\"https:\/\/uj.mezosuli.hu\/wp-content\/uploads\/2019\/11\/ehh_kiallitas.pdf\" target=\"_blank\">\u00c9LETRE kelt hullad\u00e9kok<\/a>\u201d ki\u00e1ll\u00edt\u00e1s. <\/span><\/p>\n<p><span style=\"font-size: 14pt; font-family: 'book antiqua', palatino;\">Ebben az \u00e9vben is v\u00e1rjuk a hullad\u00e9kokb\u00f3l k\u00e9sz\u00fclt t\u00e1rgyakat, melyeket november 15. \u00e9s december 4. k\u00f6z\u00f6tt az iskol\u00e1ban ki\u00e1ll\u00edtunk.&nbsp;<\/span><\/p>\n<p><span style=\"font-size: 14pt; font-family: 'book antiqua', palatino;\">3. Haszn\u00e1lt, de j\u00f3 \u00e1llapot\u00fa <a href=\"https:\/\/uj.mezosuli.hu\/wp-content\/uploads\/2019\/11\/jatek-gyujtes-2019.pdf\" target=\"_blank\">j\u00e1t\u00e9kok gy\u0171jt\u00e9se<\/a> karitat\u00edv c\u00e9llal.&nbsp;<\/span><\/p>\n<p><span style=\"font-size: 14pt; font-family: 'book antiqua', palatino;\">4. ,,<a href=\"https:\/\/uj.mezosuli.hu\/wp-content\/uploads\/2019\/11\/ehh_2019_nemvettemmeg.pdf\" target=\"_blank\">\u00cdgy cs\u00f6kkentettem a szemetet.<\/a>\u201d Rajzos, \u00edr\u00e1sos munk\u00e1k k\u00e9sz\u00edt\u00e9se a hullad\u00e9kcs\u00f6kkent\u00e9sr\u0151l.<\/span><\/p>\n<p><span style=\"font-size: 14pt; color: #000000; font-family: 'book antiqua', palatino;\"><strong>November 20.:<\/strong>&nbsp;<span style=\"color: #0000ff;\">\u00d6KOISKOL\u00c1K tal\u00e1lkoz\u00f3ja<strong>&nbsp;<\/strong><\/span><\/span><\/p>\n<ul>\n<li><span style=\"font-size: 14pt; color: #000000; font-family: 'book antiqua', palatino;\">T\u00e9ma: 2019-es \u00e9v az \u0151slakos nyelvek \u00e9ve.<\/span><\/li>\n<\/ul>\n<p><span style=\"color: #3366ff;\"><strong><span style=\"font-size: 14pt; font-family: 'book antiqua', palatino;\">Folyamatos feladatok<\/span><\/strong><\/span><\/p>\n<ul>\n<li>\n<p><span style=\"font-family: 'book antiqua', palatino; font-size: 14pt;\">Mad\u00e1retet\u0151k kihelyez\u00e9se, mad\u00e1rgondoz\u00e1s.<\/span><\/p>\n<\/li>\n<li>\n<p><span style=\"font-family: 'book antiqua', palatino; font-size: 14pt;\">Avargy\u0171jt\u00e9s az iskola kertj\u00e9ben.<\/span><\/p>\n<\/li>\n<\/ul>\n<\/div>\n<p style=\"float: left;\"><span style=\"font-size: 12pt;\">\u00d6ko munkacsoport<\/span><\/p>\n<div style=\"left: 0; position: relative;\">\n<p style=\"float: right;\"><span style=\"font-size: 12pt;\">Budapest, 2019. november<br \/><\/span><\/p>\n<\/div>\n<\/div>\n","protected":false},"excerpt":{"rendered":"<p>November: November 16-24.:&nbsp;EUR\u00d3PAI HULLAD\u00c9KCS\u00d6KKENT\u00c9SI H\u00c9T Iskol\u00e1nk minden \u00e9vben csatlakozik ehhez a megmozdul\u00e1shoz.&nbsp; ,,Nyisd ki a szemed \u00e9s cs\u00f6kkentsd a szemeted!\u201d Ezzel a szlogennel hirdetj\u00fck meg a k\u00f6vetkez\u0151 iskolai programokat: 1.&hellip;<\/p>\n","protected":false},"author":1,"featured_media":0,"comment_status":"closed","ping_status":"open","sticky":false,"template":"","format":"standard","meta":{"_jetpack_memberships_contains_paid_content":false,"footnotes":""},"categories":[7],"tags":[],"class_list":["post-737","post","type-post","status-publish","format-standard","hentry","category-oko-hirek"],"jetpack_featured_media_url":"","jetpack_sharing_enabled":true,"_links":{"self":[{"href":"https:\/\/mezosuli.hu\/index.php?rest_route=\/wp\/v2\/posts\/737","targetHints":{"allow":["GET"]}}],"collection":[{"href":"https:\/\/mezosuli.hu\/index.php?rest_route=\/wp\/v2\/posts"}],"about":[{"href":"https:\/\/mezosuli.hu\/index.php?rest_route=\/wp\/v2\/types\/post"}],"author":[{"embeddable":true,"href":"https:\/\/mezosuli.hu\/index.php?rest_route=\/wp\/v2\/users\/1"}],"replies":[{"embeddable":true,"href":"https:\/\/mezosuli.hu\/index.php?rest_route=%2Fwp%2Fv2%2Fcomments&post=737"}],"version-history":[{"count":1,"href":"https:\/\/mezosuli.hu\/index.php?rest_route=\/wp\/v2\/posts\/737\/revisions"}],"predecessor-version":[{"id":3270,"href":"https:\/\/mezosuli.hu\/index.php?rest_route=\/wp\/v2\/posts\/737\/revisions\/3270"}],"wp:attachment":[{"href":"https:\/\/mezosuli.hu\/index.php?rest_route=%2Fwp%2Fv2%2Fmedia&parent=737"}],"wp:term":[{"taxonomy":"category","embeddable":true,"href":"https:\/\/mezosuli.hu\/index.php?rest_route=%2Fwp%2Fv2%2Fcategories&post=737"},{"taxonomy":"post_tag","embeddable":true,"href":"https:\/\/mezosuli.hu\/index.php?rest_route=%2Fwp%2Fv2%2Ftags&post=737"}],"curies":[{"name":"wp","href":"https:\/\/api.w.org\/{rel}","templated":true}]}}