{"id":74,"date":"2016-11-08T08:35:25","date_gmt":"2016-11-08T07:35:25","guid":{"rendered":"https:\/\/uj.mezosuli.hu\/?p=74"},"modified":"2026-03-17T14:26:29","modified_gmt":"2026-03-17T13:26:29","slug":"2016-december-ebed","status":"publish","type":"post","link":"https:\/\/mezosuli.hu\/?p=74","title":{"rendered":"2016 december eb\u00e9d"},"content":{"rendered":"<p style=\"text-align: center;\"><span style=\"font-size: 12pt;\"><em><span style=\"text-decoration: underline;\"><span style=\"line-height: 22.4px; font-family: Arial, sans-serif;\">Tisztelt Sz&uuml;l\u0151k!<\/span><\/span><\/em><\/span><\/p>\n<p style=\"margin-right: -14.1pt; line-height: 14.4px; text-align: center;\"><span style=\"font-size: 10pt;\"><em><span style=\"line-height: 22.4px; font-family: Arial, sans-serif;\">Web-Multischool3 &eacute;tkez&eacute;st megrendel\u0151 programon kereszt&uuml;l (bankk&aacute;rty&aacute;s fizet&eacute;s)<\/span><\/em><\/span><\/p>\n<p style=\"margin-right: -14.1pt; text-align: center; line-height: 14.4px;\"><span style=\"font-size: 10pt;\"><em><span style=\"line-height: 22.4px; font-family: Arial, sans-serif;\">december h&oacute;napra 2016 november 4.-t\u0151l, a h&oacute;nap 25.-ig<\/span><\/em><\/span><\/p>\n<p style=\"margin-right: -14.1pt; text-align: center; line-height: 14.4px;\"><span style=\"font-size: 10pt;\"><em><span style=\"line-height: 22.4px; font-family: Arial, sans-serif;\">rendelheti meg gyermeke &eacute;tkez&eacute;s&eacute;t.<\/span><\/em><\/span><\/p>\n<p style=\"margin-right: -14.1pt; text-align: center; line-height: 14.4px;\"><span style=\"font-size: 10pt;\"><em><span style=\"line-height: 22.4px; font-family: Arial, sans-serif;\">A webes fel&uuml;leten a teljes id\u0151szak,&nbsp; vagyis a munkanapok&nbsp; l&aacute;that&oacute;k.<\/span><\/em><\/span><\/p>\n<p style=\"margin-right: -14.1pt; text-align: center; line-height: 14.4px;\"><span style=\"font-size: 10pt;\"><em><span style=\"line-height: 22.4px; font-family: Arial, sans-serif;\">K&eacute;rj&uuml;k,vegy&eacute;k figyelembe az iskolai sz&uuml;netet a megrendel&eacute;s r&ouml;gz&iacute;t&eacute;s&eacute;n&eacute;l!<\/span><\/em><\/span><\/p>\n<p style=\"margin-right: -14.1pt; text-align: center; line-height: 14.4px;\"><span style=\"font-size: 10pt;\"><em><span style=\"line-height: 22.4px; font-family: Arial, sans-serif;\">A&nbsp; k&eacute;szp&eacute;nz &aacute;tutal&aacute;si megb&iacute;z&aacute;s (csekkes befizet&eacute;s) eset&eacute;n a csekkeket&nbsp;<\/span><\/em><\/span><\/p>\n<p style=\"margin-right: -14.1pt; text-align: center; line-height: 14.4px;\"><span style=\"font-size: 10pt;\"><em><span style=\"line-height: 22.4px; font-family: Arial, sans-serif;\">november 5.-&eacute;n &eacute;s 6.-&aacute;n &aacute;ll&iacute;tjuk ki, amelyet<\/span><\/em><\/span><\/p>\n<p style=\"margin-right: -14.1pt; text-align: center; line-height: 14.4px;\"><span style=\"font-size: 10pt;\"><em><span style=\"line-height: 22.4px; font-family: Arial, sans-serif;\">gyermeke&nbsp; az oszt&aacute;lyf\u0151n&ouml;k&eacute;t\u0151l \/ napk&ouml;zis nevel\u0151j&eacute;t\u0151l kapja meg<\/span><\/em><em><span style=\"line-height: 19.2px; font-family: Arial, sans-serif;\">.<\/span><\/em><\/span><\/p>\n<p style=\"margin-right: -14.1pt; text-align: center; line-height: 14.4px;\"><span style=\"font-size: 10pt;\"><em><span style=\"line-height: 19.2px; font-family: Arial, sans-serif;\"><\/span><\/em><\/span><a href=\"https:\/\/uj.mezosuli.hu\/wp-content\/uploads\/2016\/11\/tajek.pdf\" target=\"_blank\"><span style=\"font-size: 10pt;\"><strong><em><span style=\"line-height: 19.2px; font-family: Arial, sans-serif;\">K&eacute;rj&uuml;k , olvassa el a Zugl&oacute;i Int&eacute;zm&eacute;nygazd&aacute;lkod&aacute;si K&ouml;zpont<\/span><\/em><\/strong><\/span><\/a><\/p>\n<p style=\"margin-right: -14.1pt; text-align: center; line-height: 14.4px;\"><a href=\"https:\/\/uj.mezosuli.hu\/wp-content\/uploads\/2016\/11\/tajek.pdf\" target=\"_blank\"><span style=\"font-size: 10pt;\"><strong><em><span style=\"line-height: 19.2px; font-family: Arial, sans-serif;\">&nbsp;mell&eacute;kelt &nbsp;b\u0151vebb t&aacute;j&eacute;koztat&oacute;j&aacute;t!<\/span><\/em><\/strong><\/span><\/a><span style=\"font-size: 10pt;\"><br \/><\/span><\/p>\n<p style=\"margin: 0cm -14.1pt 0.0001pt 30px; text-align: center; line-height: 14.4px;\"><span style=\"font-size: 10pt;\"><strong><em><span style=\"text-decoration: underline;\"><span style=\"line-height: 22.4px;\">Decemberi tan&iacute;t&aacute;si napok:<\/span><\/span><\/em><\/strong><em><\/em><\/span><\/p>\n<p style=\"margin: 0cm -14.1pt 0.0001pt 30px; text-align: center; line-height: 14.4px;\"><span style=\"font-size: 10pt; line-height: 28.8px;\">48. &nbsp;h&eacute;t&nbsp;&nbsp;&nbsp;&nbsp;&nbsp; 01. &ndash; 02.&nbsp;&nbsp;&nbsp; 2 nap<\/span><\/p>\n<p style=\"margin: 0cm -14.1pt 0.0001pt 30px; text-align: center; line-height: 14.4px;\"><span style=\"font-size: 10pt; line-height: 28.8px;\">49. &nbsp;h&eacute;t&nbsp;&nbsp;&nbsp;&nbsp;&nbsp; 05. &ndash; 09.&nbsp;&nbsp;&nbsp; 5 nap<\/span><\/p>\n<p style=\"margin: 0cm -14.1pt 0.0001pt 30px; text-align: center; line-height: 14.4px;\"><span style=\"font-size: 10pt;\"><span style=\"line-height: 28.8px;\"><\/span><span style=\"line-height: 28.8px;\">50. &nbsp;h&eacute;t&nbsp;&nbsp;&nbsp;&nbsp; &nbsp;12. &ndash; 16. &nbsp;&nbsp;&nbsp;5 nap<\/span><\/span><\/p>\n<p style=\"margin: 0cm -14.1pt 0.0001pt 30px; line-height: 14.4px; text-align: center;\"><span style=\"font-size: 10pt;\"><span style=\"line-height: 28.8px;\">51.&nbsp; h&eacute;t&nbsp;&nbsp;&nbsp; &nbsp;&nbsp;&nbsp;19. &ndash; &nbsp;21.<\/span><strong><span style=\"line-height: 22.4px;\">&nbsp;&nbsp;&nbsp;&nbsp;&nbsp;<\/span><\/strong><span style=\"line-height: 28.8px;\">3 nap<\/span><\/span><\/p>\n<p style=\"margin: 0cm -14.1pt 0.0001pt 30px; text-align: center; line-height: 14.4px;\"><span style=\"font-size: 10pt; line-height: 28.8px;\">&Ouml;sszesen:&nbsp;&nbsp;&nbsp;&nbsp;&nbsp;&nbsp;&nbsp;&nbsp;&nbsp;&nbsp;&nbsp; &nbsp;&nbsp;&nbsp;&nbsp;&nbsp;&nbsp;&nbsp;&nbsp;15 nap<\/span><\/p>\n<p style=\"text-align: center;\"><span style=\"font-size: 10pt;\"><strong><span style=\"text-decoration: underline;\"><span style=\"font-family: Magneto;\">T&eacute;li sz&uuml;net:&nbsp;<\/span><\/span><\/strong><span style=\"text-decoration: underline;\"><span style=\"font-family: Arial, sans-serif;\">2016&nbsp;<\/span><\/span><span style=\"text-decoration: underline;\">december 22.-t\u0151l &#8211; 2017 janu&aacute;r 2.-ig<\/span><\/span><\/p>\n<p style=\"text-align: center;\"><span style=\"font-size: 10pt;\">A sz&uuml;net el\u0151tti&nbsp; utols&oacute; tan&iacute;t&aacute;si nap:&nbsp; 2016 december 21.(szerda).<\/span><\/p>\n<p style=\"text-align: center;\"><span style=\"font-size: 10pt;\">A sz&uuml;net ut&aacute;ni els\u0151 tan&iacute;t&aacute;si nap:&nbsp;&nbsp;&nbsp;&nbsp;&nbsp; 2017. janu&aacute;r&nbsp;&nbsp;&nbsp;&nbsp;&nbsp;&nbsp;&nbsp;&nbsp; 3.( kedd)<\/span><\/p>\n<p style=\"text-align: center;\"><span style=\"font-size: 10pt;\"><\/span><span style=\"font-size: 10pt;\"><strong><em><span style=\"text-decoration: underline;\"><span style=\"font-family: Arial, sans-serif;\">A sz&uuml;nidei &nbsp;&uuml;gyeletet &nbsp;ell&aacute;t&oacute; iskola:<\/span><\/span><\/em><\/strong><\/span><\/p>\n<p style=\"margin-bottom: 10px; text-align: center;\"><span style=\"font-size: 10pt;\"><strong><em><span style=\"text-decoration: underline;\"><span style=\"font-family: Arial, sans-serif;\">M&oacute;ra Ferenc &Aacute;ltal&aacute;nos Iskola&nbsp;&nbsp; 1144 &Uacute;jv&aacute;ros park 2.<\/span><\/span><\/em><\/strong><\/span><\/p>\n<p><span style=\"font-size: 10pt;\"><strong><em><span style=\"text-decoration: underline;\"><span style=\"font-family: Arial, sans-serif;\"><\/span><\/span><\/em><\/strong><\/span><\/p>\n","protected":false},"excerpt":{"rendered":"<p>Tisztelt Sz&uuml;l\u0151k! Web-Multischool3 &eacute;tkez&eacute;st megrendel\u0151 programon kereszt&uuml;l (bankk&aacute;rty&aacute;s fizet&eacute;s) december h&oacute;napra 2016 november 4.-t\u0151l, a h&oacute;nap 25.-ig rendelheti meg gyermeke &eacute;tkez&eacute;s&eacute;t. A webes fel&uuml;leten a teljes id\u0151szak,&nbsp; vagyis a munkanapok&nbsp;&hellip;<\/p>\n","protected":false},"author":1,"featured_media":0,"comment_status":"closed","ping_status":"open","sticky":false,"template":"","format":"standard","meta":{"_jetpack_memberships_contains_paid_content":false,"footnotes":""},"categories":[38],"tags":[],"class_list":["post-74","post","type-post","status-publish","format-standard","hentry","category-2016-hirarchivum"],"jetpack_featured_media_url":"","jetpack_sharing_enabled":true,"_links":{"self":[{"href":"https:\/\/mezosuli.hu\/index.php?rest_route=\/wp\/v2\/posts\/74","targetHints":{"allow":["GET"]}}],"collection":[{"href":"https:\/\/mezosuli.hu\/index.php?rest_route=\/wp\/v2\/posts"}],"about":[{"href":"https:\/\/mezosuli.hu\/index.php?rest_route=\/wp\/v2\/types\/post"}],"author":[{"embeddable":true,"href":"https:\/\/mezosuli.hu\/index.php?rest_route=\/wp\/v2\/users\/1"}],"replies":[{"embeddable":true,"href":"https:\/\/mezosuli.hu\/index.php?rest_route=%2Fwp%2Fv2%2Fcomments&post=74"}],"version-history":[{"count":1,"href":"https:\/\/mezosuli.hu\/index.php?rest_route=\/wp\/v2\/posts\/74\/revisions"}],"predecessor-version":[{"id":2274,"href":"https:\/\/mezosuli.hu\/index.php?rest_route=\/wp\/v2\/posts\/74\/revisions\/2274"}],"wp:attachment":[{"href":"https:\/\/mezosuli.hu\/index.php?rest_route=%2Fwp%2Fv2%2Fmedia&parent=74"}],"wp:term":[{"taxonomy":"category","embeddable":true,"href":"https:\/\/mezosuli.hu\/index.php?rest_route=%2Fwp%2Fv2%2Fcategories&post=74"},{"taxonomy":"post_tag","embeddable":true,"href":"https:\/\/mezosuli.hu\/index.php?rest_route=%2Fwp%2Fv2%2Ftags&post=74"}],"curies":[{"name":"wp","href":"https:\/\/api.w.org\/{rel}","templated":true}]}}