{"id":742,"date":"2019-11-14T07:35:18","date_gmt":"2019-11-14T06:35:18","guid":{"rendered":"https:\/\/uj.mezosuli.hu\/?p=742"},"modified":"2026-03-17T10:52:50","modified_gmt":"2026-03-17T09:52:50","slug":"krokusz","status":"publish","type":"post","link":"https:\/\/mezosuli.hu\/?p=742","title":{"rendered":"Krokusz projekt 2019"},"content":{"rendered":"<div>\n<section style=\"font-size: 16px;\">\n<p><span style=\"font-size: 20pt; font-variant: small-caps; letter-spacing: 1px; color: maroon;\"><span style=\"color: #008000;\">Kr\u00f3kusz Projekt<img loading=\"lazy\" decoding=\"async\" class=\" alignright size-full wp-image-738\" style=\"float: right;\" src=\"https:\/\/uj.mezosuli.hu\/wp-content\/uploads\/2019\/11\/krokusz.png\" alt=\"krokusz\" width=\"137\" height=\"55\" srcset=\"https:\/\/mezosuli.hu\/wp-content\/uploads\/2019\/11\/krokusz.png 362w, https:\/\/mezosuli.hu\/wp-content\/uploads\/2019\/11\/krokusz-300x120.png 300w\" sizes=\"auto, (max-width: 137px) 100vw, 137px\" \/><br \/><\/span><\/span><\/p>\n<p><span style=\"font-size: 20pt; font-variant: small-caps; letter-spacing: 1px; color: maroon;\">&nbsp;&nbsp;&nbsp;&nbsp;&nbsp;&nbsp;&nbsp;&nbsp;&nbsp;&nbsp;&nbsp;&nbsp;&nbsp;&nbsp;&nbsp;&nbsp;&nbsp;&nbsp;&nbsp;&nbsp;&nbsp;&nbsp;&nbsp;&nbsp;&nbsp;&nbsp;&nbsp;&nbsp;&nbsp;&nbsp;&nbsp;&nbsp;&nbsp;&nbsp;&nbsp; <br \/><\/span><\/p>\n<p>Iskol\u00e1nk csatlakozott a <strong>Kr\u00f3kusz Projekt<\/strong>hez, melyben a di\u00e1kok az \u00e9lm\u00e9ny-alap\u00fa oktat\u00e1s m\u00f3dszereivel ismerhetik meg a Holokausztot \u00e9s felh\u00edvja figyelm\u00fcket a rasszizmus \u00e9s a kirekeszt\u00e9s vesz\u00e9lyeire.<\/p>\n<p><strong><img loading=\"lazy\" decoding=\"async\" class=\" size-full wp-image-739\" style=\"border: 4px solid #ffffff;\" src=\"https:\/\/uj.mezosuli.hu\/wp-content\/uploads\/2019\/11\/krokusz_3.jpg\" alt=\"20191107 120855 a\" width=\"249\" height=\"187\" srcset=\"https:\/\/mezosuli.hu\/wp-content\/uploads\/2019\/11\/krokusz_3.jpg 1333w, https:\/\/mezosuli.hu\/wp-content\/uploads\/2019\/11\/krokusz_3-300x225.jpg 300w, https:\/\/mezosuli.hu\/wp-content\/uploads\/2019\/11\/krokusz_3-1024x768.jpg 1024w, https:\/\/mezosuli.hu\/wp-content\/uploads\/2019\/11\/krokusz_3-768x576.jpg 768w\" sizes=\"auto, (max-width: 249px) 100vw, 249px\" \/>&nbsp;&nbsp; <img loading=\"lazy\" decoding=\"async\" class=\" alignright size-full wp-image-740\" style=\"float: right;\" src=\"https:\/\/uj.mezosuli.hu\/wp-content\/uploads\/2019\/11\/krokusz_1.jpg\" alt=\"krokusz 1\" width=\"249\" height=\"187\" srcset=\"https:\/\/mezosuli.hu\/wp-content\/uploads\/2019\/11\/krokusz_1.jpg 1333w, https:\/\/mezosuli.hu\/wp-content\/uploads\/2019\/11\/krokusz_1-300x225.jpg 300w, https:\/\/mezosuli.hu\/wp-content\/uploads\/2019\/11\/krokusz_1-1024x768.jpg 1024w, https:\/\/mezosuli.hu\/wp-content\/uploads\/2019\/11\/krokusz_1-768x576.jpg 768w\" sizes=\"auto, (max-width: 249px) 100vw, 249px\" \/><br \/><\/strong><\/p>\n<div>&nbsp;A Projekt els\u0151 l\u00e9p\u00e9sek\u00e9nt a di\u00e1kok kr\u00f3kusz hagym\u00e1kat \u00fcltettek el az iskola kertj\u00e9ben a Holokauszt 1,5 milli\u00f3 gyermek\u00e1ldozata eml\u00e9k\u00e9re.<\/div>\n<div>A Projekt tov\u00e1bbi esem\u00e9nyei a tan\u00e9v sor\u00e1n val\u00f3sulnak meg.<strong><img loading=\"lazy\" decoding=\"async\" class=\" alignright size-full wp-image-741\" style=\"border: 4px solid #ffffff; float: right;\" src=\"https:\/\/uj.mezosuli.hu\/wp-content\/uploads\/2019\/11\/krokusz_2.jpg\" alt=\"20191107 130032 a\" width=\"151\" height=\"113\" srcset=\"https:\/\/mezosuli.hu\/wp-content\/uploads\/2019\/11\/krokusz_2.jpg 1333w, https:\/\/mezosuli.hu\/wp-content\/uploads\/2019\/11\/krokusz_2-300x225.jpg 300w, https:\/\/mezosuli.hu\/wp-content\/uploads\/2019\/11\/krokusz_2-1024x768.jpg 1024w, https:\/\/mezosuli.hu\/wp-content\/uploads\/2019\/11\/krokusz_2-768x576.jpg 768w\" sizes=\"auto, (max-width: 151px) 100vw, 151px\" \/><\/strong><\/div>\n<p>.<\/p>\n<div>&nbsp;<\/div>\n<div>&nbsp;<\/div>\n<div>&nbsp;<\/div>\n<div>&nbsp;<\/div>\n<div style=\"text-align: right;\" align=\"center\">&nbsp;Cs\u00fcrke Gy\u00f6ngyv\u00e9r<\/p>\n<div>\n<p style=\"float: right;\"><span style=\"font-size: 16px;\"><em>&nbsp;<\/em><\/span><\/p>\n<\/div>\n<\/div>\n<\/section>\n<\/div>\n","protected":false},"excerpt":{"rendered":"<p>Kr\u00f3kusz Projekt &nbsp;&nbsp;&nbsp;&nbsp;&nbsp;&nbsp;&nbsp;&nbsp;&nbsp;&nbsp;&nbsp;&nbsp;&nbsp;&nbsp;&nbsp;&nbsp;&nbsp;&nbsp;&nbsp;&nbsp;&nbsp;&nbsp;&nbsp;&nbsp;&nbsp;&nbsp;&nbsp;&nbsp;&nbsp;&nbsp;&nbsp;&nbsp;&nbsp;&nbsp;&nbsp; Iskol\u00e1nk csatlakozott a Kr\u00f3kusz Projekthez, melyben a di\u00e1kok az \u00e9lm\u00e9ny-alap\u00fa oktat\u00e1s m\u00f3dszereivel ismerhetik meg a Holokausztot \u00e9s felh\u00edvja figyelm\u00fcket a rasszizmus \u00e9s a kirekeszt\u00e9s vesz\u00e9lyeire. &nbsp;&nbsp; &nbsp;A&hellip;<\/p>\n","protected":false},"author":1,"featured_media":738,"comment_status":"closed","ping_status":"open","sticky":false,"template":"","format":"standard","meta":{"_jetpack_memberships_contains_paid_content":false,"footnotes":""},"categories":[41],"tags":[],"class_list":["post-742","post","type-post","status-publish","format-standard","has-post-thumbnail","hentry","category-2019-hirarchivum"],"jetpack_featured_media_url":"https:\/\/mezosuli.hu\/wp-content\/uploads\/2019\/11\/krokusz.png","jetpack_sharing_enabled":true,"_links":{"self":[{"href":"https:\/\/mezosuli.hu\/index.php?rest_route=\/wp\/v2\/posts\/742","targetHints":{"allow":["GET"]}}],"collection":[{"href":"https:\/\/mezosuli.hu\/index.php?rest_route=\/wp\/v2\/posts"}],"about":[{"href":"https:\/\/mezosuli.hu\/index.php?rest_route=\/wp\/v2\/types\/post"}],"author":[{"embeddable":true,"href":"https:\/\/mezosuli.hu\/index.php?rest_route=\/wp\/v2\/users\/1"}],"replies":[{"embeddable":true,"href":"https:\/\/mezosuli.hu\/index.php?rest_route=%2Fwp%2Fv2%2Fcomments&post=742"}],"version-history":[{"count":1,"href":"https:\/\/mezosuli.hu\/index.php?rest_route=\/wp\/v2\/posts\/742\/revisions"}],"predecessor-version":[{"id":2511,"href":"https:\/\/mezosuli.hu\/index.php?rest_route=\/wp\/v2\/posts\/742\/revisions\/2511"}],"wp:featuredmedia":[{"embeddable":true,"href":"https:\/\/mezosuli.hu\/index.php?rest_route=\/wp\/v2\/media\/738"}],"wp:attachment":[{"href":"https:\/\/mezosuli.hu\/index.php?rest_route=%2Fwp%2Fv2%2Fmedia&parent=742"}],"wp:term":[{"taxonomy":"category","embeddable":true,"href":"https:\/\/mezosuli.hu\/index.php?rest_route=%2Fwp%2Fv2%2Fcategories&post=742"},{"taxonomy":"post_tag","embeddable":true,"href":"https:\/\/mezosuli.hu\/index.php?rest_route=%2Fwp%2Fv2%2Ftags&post=742"}],"curies":[{"name":"wp","href":"https:\/\/api.w.org\/{rel}","templated":true}]}}