{"id":748,"date":"2019-11-14T08:08:42","date_gmt":"2019-11-14T07:08:42","guid":{"rendered":"https:\/\/uj.mezosuli.hu\/?p=748"},"modified":"2026-03-20T14:33:08","modified_gmt":"2026-03-20T13:33:08","slug":"allateledel-2","status":"publish","type":"post","link":"https:\/\/mezosuli.hu\/?p=748","title":{"rendered":"\u00c1llateledel gy\u0171jt\u00e9s 2019"},"content":{"rendered":"<div>\n<section style=\"font-size: 16px;\"><span style=\"font-size: 20pt; font-variant: small-caps; letter-spacing: 1px; color: maroon;\"><span style=\"color: #008000;\">\u00c1llatok Vil\u00e1gnapja<img loading=\"lazy\" decoding=\"async\" class=\" alignright size-full wp-image-743\" style=\"float: right;\" src=\"https:\/\/uj.mezosuli.hu\/wp-content\/uploads\/2019\/11\/oko_hirek_160x86px.png\" alt=\"krokusz\" width=\"89\" height=\"48\" \/><\/span><\/span><span style=\"font-size: 20pt; font-variant: small-caps; letter-spacing: 1px; color: maroon;\">\u00a0<\/span><\/p>\n<p>Iskol\u00e1nkban az id\u00e9n is gy\u0171jt\u00f6tt\u00fcnk az \u00c1llatok Vil\u00e1gnapja alkalm\u00e1b\u00f3l a neh\u00e9z helyzetben l\u00e9v\u0151 kis\u00e1llatok r\u00e9sz\u00e9re eledelt.<\/p>\n<p><strong><img loading=\"lazy\" decoding=\"async\" class=\" size-full wp-image-744\" style=\"border: 4px solid #ffffff;\" src=\"https:\/\/uj.mezosuli.hu\/wp-content\/uploads\/2019\/11\/allateledel2019_2.jpg\" alt=\"20191107 120855 a\" width=\"249\" height=\"187\" srcset=\"https:\/\/mezosuli.hu\/wp-content\/uploads\/2019\/11\/allateledel2019_2.jpg 1333w, https:\/\/mezosuli.hu\/wp-content\/uploads\/2019\/11\/allateledel2019_2-300x225.jpg 300w, https:\/\/mezosuli.hu\/wp-content\/uploads\/2019\/11\/allateledel2019_2-1024x768.jpg 1024w, https:\/\/mezosuli.hu\/wp-content\/uploads\/2019\/11\/allateledel2019_2-768x576.jpg 768w\" sizes=\"auto, (max-width: 249px) 100vw, 249px\" \/>\u00a0\u00a0 <img loading=\"lazy\" decoding=\"async\" class=\" alignright size-full wp-image-745\" style=\"float: right;\" src=\"https:\/\/uj.mezosuli.hu\/wp-content\/uploads\/2019\/11\/allateledel2019_1.jpg\" alt=\"krokusz 1\" width=\"249\" height=\"187\" srcset=\"https:\/\/mezosuli.hu\/wp-content\/uploads\/2019\/11\/allateledel2019_1.jpg 1333w, https:\/\/mezosuli.hu\/wp-content\/uploads\/2019\/11\/allateledel2019_1-300x225.jpg 300w, https:\/\/mezosuli.hu\/wp-content\/uploads\/2019\/11\/allateledel2019_1-1024x768.jpg 1024w, https:\/\/mezosuli.hu\/wp-content\/uploads\/2019\/11\/allateledel2019_1-768x576.jpg 768w\" sizes=\"auto, (max-width: 249px) 100vw, 249px\" \/><\/strong><\/p>\n<div>\u00a0A di\u00e1kok nagy lelkesed\u00e9ssel adt\u00e1k \u00e1t november 12-\u00e9n a<strong> L\u00e9lekl\u00e1nc \u00c1llatv\u00e9d\u0151 Alap\u00edtv\u00e1ny<\/strong> k\u00e9pvisel\u0151inek az \u00f6sszegy\u0171jt\u00f6tt adom\u00e1nyt. Besz\u00e9lgettek az Alap\u00edtv\u00e1ny vezet\u0151ivel a felel\u0151s \u00e1llattart\u00e1sr\u00f3l \u00e9s a vend\u00e9gs\u00e9gbe hozott mentett kutyusokkal is tal\u00e1lkozhattak.<\/div>\n<div>K\u00f6sz\u00f6netet mondunk mindenkinek aki r\u00e9szt vett az akci\u00f3ban.\u2764??<strong><img loading=\"lazy\" decoding=\"async\" class=\" alignright size-full wp-image-746\" style=\"border: 4px solid #ffffff; float: right;\" src=\"https:\/\/uj.mezosuli.hu\/wp-content\/uploads\/2019\/11\/allateledel2019_3.jpg\" alt=\"20191107 130032 a\" width=\"249\" height=\"187\" srcset=\"https:\/\/mezosuli.hu\/wp-content\/uploads\/2019\/11\/allateledel2019_3.jpg 1333w, https:\/\/mezosuli.hu\/wp-content\/uploads\/2019\/11\/allateledel2019_3-300x225.jpg 300w, https:\/\/mezosuli.hu\/wp-content\/uploads\/2019\/11\/allateledel2019_3-1024x768.jpg 1024w, https:\/\/mezosuli.hu\/wp-content\/uploads\/2019\/11\/allateledel2019_3-768x576.jpg 768w\" sizes=\"auto, (max-width: 249px) 100vw, 249px\" \/><\/strong><\/div>\n<p>.<\/p>\n<div><\/div>\n<div><\/div>\n<div><\/div>\n<div><\/div>\n<div><\/div>\n<div style=\"text-align: right;\" align=\"center\">\n<p>\u00a0Cs\u00fcrke Gy\u00f6ngyv\u00e9r<\/p>\n<div>\n<p style=\"float: right;\"><span style=\"font-size: 16px;\"><em>\u00a0<\/em><\/span><\/p>\n<\/div>\n<\/div>\n<\/section>\n<\/div>\n","protected":false},"excerpt":{"rendered":"<p>\u00c1llatok Vil\u00e1gnapja\u00a0 Iskol\u00e1nkban az id\u00e9n is gy\u0171jt\u00f6tt\u00fcnk az \u00c1llatok Vil\u00e1gnapja alkalm\u00e1b\u00f3l a neh\u00e9z helyzetben l\u00e9v\u0151 kis\u00e1llatok r\u00e9sz\u00e9re eledelt. \u00a0\u00a0 \u00a0A di\u00e1kok nagy lelkesed\u00e9ssel adt\u00e1k \u00e1t november 12-\u00e9n a L\u00e9lekl\u00e1nc \u00c1llatv\u00e9d\u0151&hellip;<\/p>\n","protected":false},"author":1,"featured_media":0,"comment_status":"closed","ping_status":"open","sticky":false,"template":"","format":"standard","meta":{"_jetpack_memberships_contains_paid_content":false,"footnotes":""},"categories":[7],"tags":[],"class_list":["post-748","post","type-post","status-publish","format-standard","hentry","category-oko-hirek"],"jetpack_featured_media_url":"","jetpack_sharing_enabled":true,"_links":{"self":[{"href":"https:\/\/mezosuli.hu\/index.php?rest_route=\/wp\/v2\/posts\/748","targetHints":{"allow":["GET"]}}],"collection":[{"href":"https:\/\/mezosuli.hu\/index.php?rest_route=\/wp\/v2\/posts"}],"about":[{"href":"https:\/\/mezosuli.hu\/index.php?rest_route=\/wp\/v2\/types\/post"}],"author":[{"embeddable":true,"href":"https:\/\/mezosuli.hu\/index.php?rest_route=\/wp\/v2\/users\/1"}],"replies":[{"embeddable":true,"href":"https:\/\/mezosuli.hu\/index.php?rest_route=%2Fwp%2Fv2%2Fcomments&post=748"}],"version-history":[{"count":3,"href":"https:\/\/mezosuli.hu\/index.php?rest_route=\/wp\/v2\/posts\/748\/revisions"}],"predecessor-version":[{"id":3593,"href":"https:\/\/mezosuli.hu\/index.php?rest_route=\/wp\/v2\/posts\/748\/revisions\/3593"}],"wp:attachment":[{"href":"https:\/\/mezosuli.hu\/index.php?rest_route=%2Fwp%2Fv2%2Fmedia&parent=748"}],"wp:term":[{"taxonomy":"category","embeddable":true,"href":"https:\/\/mezosuli.hu\/index.php?rest_route=%2Fwp%2Fv2%2Fcategories&post=748"},{"taxonomy":"post_tag","embeddable":true,"href":"https:\/\/mezosuli.hu\/index.php?rest_route=%2Fwp%2Fv2%2Ftags&post=748"}],"curies":[{"name":"wp","href":"https:\/\/api.w.org\/{rel}","templated":true}]}}