{"id":76,"date":"2016-11-14T08:18:13","date_gmt":"2016-11-14T07:18:13","guid":{"rendered":"https:\/\/uj.mezosuli.hu\/?p=76"},"modified":"2026-03-17T14:26:29","modified_gmt":"2026-03-17T13:26:29","slug":"ebedtaj16-11-14","status":"publish","type":"post","link":"https:\/\/mezosuli.hu\/?p=76","title":{"rendered":"ebedtaj16.11.14"},"content":{"rendered":"<p>&nbsp;<\/p>\n<p style=\"text-align: center;\"><span style=\"font-size: 10pt;\"><strong><em><span>T&aacute;j&eacute;koztat&oacute; az &eacute;tkez&eacute;st Weben rendel\u0151 Sz&uuml;l\u0151k r&eacute;sz&eacute;re.<\/span><\/em><\/strong><\/span><\/p>\n<p style=\"text-align: center;\"><span style=\"font-size: 12pt;\">Kedves Sz&uuml;l\u0151k!<\/span><\/p>\n<p style=\"text-align: center;\"><span style=\"font-size: 12pt;\">Szeretn&eacute;nk eml&eacute;keztetni &Ouml;n&ouml;ket, hogy <strong><em>november 15. &ndash;&eacute;n<\/em><\/strong>&nbsp; (kedden ) tan&iacute;t&aacute;s n&eacute;lk&uuml;li munkanap lesz.<\/span><\/p>\n<p style=\"text-align: center;\"><span style=\"font-size: 12pt;\">Amennyiben erre a napra <strong><em>nem ig&eacute;nyli<\/em><\/strong> gyermeke r&eacute;sz&eacute;re az &eacute;tkez&eacute;st k&eacute;rj&uuml;k, hogy <strong><em>a webes fel&uuml;leten sz&iacute;veskedjen r&ouml;gz&iacute;teni&nbsp; az eb&eacute;dlemond&aacute;st.<\/em><\/strong><\/span><\/p>\n<p style=\"text-align: center;\"><span style=\"font-size: 12pt;\">Webes felhaszn&aacute;l&oacute;k r&eacute;sz&eacute;re<\/span><\/p>\n<p style=\"text-align: center;\"><span style=\"font-size: 12pt;\">&nbsp;az &ouml;sszevont &uuml;gyeleti &nbsp;napokra&nbsp; &eacute;s &nbsp;a &nbsp;tan&iacute;t&aacute;si sz&uuml;netekre<\/span><\/p>\n<p style=\"text-align: center;\"><span style=\"font-size: 12pt; color: #ff0000;\"><strong><em>az eb&eacute;dlemond&aacute;s&nbsp; nem automatikus<\/em><\/strong><em>.<\/em><\/span><\/p>\n<p>&nbsp;<\/p>\n<p>&nbsp;<\/p>\n","protected":false},"excerpt":{"rendered":"<p>&nbsp; T&aacute;j&eacute;koztat&oacute; az &eacute;tkez&eacute;st Weben rendel\u0151 Sz&uuml;l\u0151k r&eacute;sz&eacute;re. Kedves Sz&uuml;l\u0151k! Szeretn&eacute;nk eml&eacute;keztetni &Ouml;n&ouml;ket, hogy november 15. &ndash;&eacute;n&nbsp; (kedden ) tan&iacute;t&aacute;s n&eacute;lk&uuml;li munkanap lesz. Amennyiben erre a napra nem ig&eacute;nyli gyermeke&hellip;<\/p>\n","protected":false},"author":1,"featured_media":0,"comment_status":"closed","ping_status":"open","sticky":false,"template":"","format":"standard","meta":{"_jetpack_memberships_contains_paid_content":false,"footnotes":""},"categories":[38],"tags":[],"class_list":["post-76","post","type-post","status-publish","format-standard","hentry","category-2016-hirarchivum"],"jetpack_featured_media_url":"","jetpack_sharing_enabled":true,"_links":{"self":[{"href":"https:\/\/mezosuli.hu\/index.php?rest_route=\/wp\/v2\/posts\/76","targetHints":{"allow":["GET"]}}],"collection":[{"href":"https:\/\/mezosuli.hu\/index.php?rest_route=\/wp\/v2\/posts"}],"about":[{"href":"https:\/\/mezosuli.hu\/index.php?rest_route=\/wp\/v2\/types\/post"}],"author":[{"embeddable":true,"href":"https:\/\/mezosuli.hu\/index.php?rest_route=\/wp\/v2\/users\/1"}],"replies":[{"embeddable":true,"href":"https:\/\/mezosuli.hu\/index.php?rest_route=%2Fwp%2Fv2%2Fcomments&post=76"}],"version-history":[{"count":1,"href":"https:\/\/mezosuli.hu\/index.php?rest_route=\/wp\/v2\/posts\/76\/revisions"}],"predecessor-version":[{"id":2276,"href":"https:\/\/mezosuli.hu\/index.php?rest_route=\/wp\/v2\/posts\/76\/revisions\/2276"}],"wp:attachment":[{"href":"https:\/\/mezosuli.hu\/index.php?rest_route=%2Fwp%2Fv2%2Fmedia&parent=76"}],"wp:term":[{"taxonomy":"category","embeddable":true,"href":"https:\/\/mezosuli.hu\/index.php?rest_route=%2Fwp%2Fv2%2Fcategories&post=76"},{"taxonomy":"post_tag","embeddable":true,"href":"https:\/\/mezosuli.hu\/index.php?rest_route=%2Fwp%2Fv2%2Ftags&post=76"}],"curies":[{"name":"wp","href":"https:\/\/api.w.org\/{rel}","templated":true}]}}