{"id":761,"date":"2019-11-15T14:54:26","date_gmt":"2019-11-15T13:54:26","guid":{"rendered":"https:\/\/uj.mezosuli.hu\/?p=761"},"modified":"2026-03-17T10:52:50","modified_gmt":"2026-03-17T09:52:50","slug":"leendo-elsosoknek-3","status":"publish","type":"post","link":"https:\/\/mezosuli.hu\/?p=761","title":{"rendered":"Leend\u0151 els\u0151s\u00f6knek (2)"},"content":{"rendered":"<p><img loading=\"lazy\" decoding=\"async\" class=\" size-full wp-image-758\" style=\"display: block; margin-left: auto; margin-right: auto;\" src=\"https:\/\/uj.mezosuli.hu\/wp-content\/uploads\/2019\/11\/leendo-1.jpg\" alt=\"leendo 1\" width=\"732\" height=\"509\" srcset=\"https:\/\/mezosuli.hu\/wp-content\/uploads\/2019\/11\/leendo-1.jpg 732w, https:\/\/mezosuli.hu\/wp-content\/uploads\/2019\/11\/leendo-1-300x209.jpg 300w\" sizes=\"auto, (max-width: 732px) 100vw, 732px\" \/><\/p>\n<p style=\"text-align: center;\"><span style=\"font-family: comic sans ms, sans-serif; font-size: 24pt; color: #008000;\"><em>Szeretn\u00e9l a Mez<\/em><em>\u0151<\/em><em>ben els<\/em><em>\u0151<\/em><em>s lenni?<\/em><\/span><\/p>\n<p>&nbsp;<\/p>\n<p style=\"text-align: center;\"><span style=\"font-family: comic sans ms, sans-serif; font-size: 18pt;\">Ha igen, szeretettel v\u00e1runk sz\u00fcleiddel egy\u00fctt<\/span><\/p>\n<p style=\"text-align: center;\"><span style=\"font-family: comic sans ms, sans-serif; font-size: 18pt;\"><strong>2019.november 29-\u00e9n 17.00 \u00f3rakor<\/strong>.<\/span><\/p>\n<p>&nbsp;<\/p>\n<p style=\"text-align: center;\"><span style=\"font-family: comic sans ms, sans-serif; font-size: 18pt;\">A sz\u00fcl\u0151k, sz\u00fcl\u0151i t\u00e1j\u00e9koztat\u00f3n vehetnek r\u00e9szt, a gyerekek egy <\/span><\/p>\n<p style=\"text-align: center;\"><span style=\"font-family: comic sans ms, sans-serif; font-size: 18pt;\">j\u00e1t\u00e9kos \u00f3r\u00e1t t\u00f6lthetnek el tan\u00edt\u00f3inkkal.<\/span><\/p>\n<p>&nbsp;<\/p>\n<p style=\"text-align: center;\"><span style=\"font-family: comic sans ms, sans-serif; font-size: 14pt;\">R\u00e9szv\u00e9teli sz\u00e1nd\u00e9kukat a <a href=\"mailto:titkar@mezosuli.hu\">titkar@mezosuli.hu<\/a> e-mail c\u00edmre jelezhetik el\u0151zetesen.<\/span><\/p>\n<p>&nbsp;<\/p>\n<p style=\"text-align: right;\">&nbsp;&nbsp;&nbsp;&nbsp;&nbsp;&nbsp;&nbsp;&nbsp;&nbsp;&nbsp;&nbsp;&nbsp;&nbsp;&nbsp;&nbsp;&nbsp;&nbsp;&nbsp;&nbsp;&nbsp;&nbsp;&nbsp;&nbsp;&nbsp;&nbsp;&nbsp;&nbsp;&nbsp;&nbsp;&nbsp;&nbsp;&nbsp;&nbsp;&nbsp;&nbsp;&nbsp;&nbsp;&nbsp;&nbsp;&nbsp;&nbsp;&nbsp;&nbsp;&nbsp;&nbsp;&nbsp;&nbsp;&nbsp;&nbsp;&nbsp;&nbsp;&nbsp;&nbsp;&nbsp;&nbsp;&nbsp;&nbsp;&nbsp;&nbsp;&nbsp;&nbsp;&nbsp;<span style=\"font-family: comic sans ms, sans-serif; font-size: 18pt;\"> Gomb\u00e1r Erzs\u00e9bet<\/span><\/p>\n<p style=\"text-align: right;\"><span style=\"font-family: comic sans ms, sans-serif; font-size: 18pt;\">&nbsp;&nbsp;&nbsp;&nbsp;&nbsp;&nbsp;&nbsp;&nbsp;&nbsp;&nbsp;&nbsp;&nbsp;&nbsp;&nbsp;&nbsp;&nbsp;&nbsp;&nbsp;&nbsp;&nbsp;&nbsp;&nbsp;&nbsp;&nbsp;&nbsp;&nbsp;&nbsp;&nbsp;&nbsp;&nbsp;&nbsp;&nbsp;&nbsp;&nbsp;&nbsp;&nbsp;&nbsp;&nbsp;&nbsp;&nbsp;&nbsp;&nbsp;&nbsp;&nbsp;&nbsp;&nbsp; &nbsp;&nbsp;&nbsp;&nbsp;&nbsp;&nbsp;&nbsp;&nbsp;&nbsp;&nbsp;&nbsp;&nbsp;&nbsp;&nbsp;&nbsp;&nbsp;&nbsp;&nbsp;&nbsp;&nbsp;&nbsp;&nbsp;&nbsp;&nbsp;&nbsp;&nbsp;&nbsp; int\u00e9zm\u00e9nyvezet\u0151<\/span><\/p>\n<p><img loading=\"lazy\" decoding=\"async\" class=\" size-full wp-image-759\" style=\"display: block; margin-left: auto; margin-right: auto;\" src=\"https:\/\/uj.mezosuli.hu\/wp-content\/uploads\/2019\/11\/leendo-2.jpg\" alt=\"leendo 2\" width=\"1064\" height=\"375\" srcset=\"https:\/\/mezosuli.hu\/wp-content\/uploads\/2019\/11\/leendo-2.jpg 605w, https:\/\/mezosuli.hu\/wp-content\/uploads\/2019\/11\/leendo-2-300x106.jpg 300w\" sizes=\"auto, (max-width: 1064px) 100vw, 1064px\" \/><\/p>\n","protected":false},"excerpt":{"rendered":"<p>Szeretn\u00e9l a Mez\u0151ben els\u0151s lenni? &nbsp; Ha igen, szeretettel v\u00e1runk sz\u00fcleiddel egy\u00fctt 2019.november 29-\u00e9n 17.00 \u00f3rakor. &nbsp; A sz\u00fcl\u0151k, sz\u00fcl\u0151i t\u00e1j\u00e9koztat\u00f3n vehetnek r\u00e9szt, a gyerekek egy j\u00e1t\u00e9kos \u00f3r\u00e1t t\u00f6lthetnek el&hellip;<\/p>\n","protected":false},"author":1,"featured_media":758,"comment_status":"closed","ping_status":"open","sticky":false,"template":"","format":"standard","meta":{"_jetpack_memberships_contains_paid_content":false,"footnotes":""},"categories":[41],"tags":[],"class_list":["post-761","post","type-post","status-publish","format-standard","has-post-thumbnail","hentry","category-2019-hirarchivum"],"jetpack_featured_media_url":"https:\/\/mezosuli.hu\/wp-content\/uploads\/2019\/11\/leendo-1.jpg","jetpack_sharing_enabled":true,"_links":{"self":[{"href":"https:\/\/mezosuli.hu\/index.php?rest_route=\/wp\/v2\/posts\/761","targetHints":{"allow":["GET"]}}],"collection":[{"href":"https:\/\/mezosuli.hu\/index.php?rest_route=\/wp\/v2\/posts"}],"about":[{"href":"https:\/\/mezosuli.hu\/index.php?rest_route=\/wp\/v2\/types\/post"}],"author":[{"embeddable":true,"href":"https:\/\/mezosuli.hu\/index.php?rest_route=\/wp\/v2\/users\/1"}],"replies":[{"embeddable":true,"href":"https:\/\/mezosuli.hu\/index.php?rest_route=%2Fwp%2Fv2%2Fcomments&post=761"}],"version-history":[{"count":1,"href":"https:\/\/mezosuli.hu\/index.php?rest_route=\/wp\/v2\/posts\/761\/revisions"}],"predecessor-version":[{"id":2516,"href":"https:\/\/mezosuli.hu\/index.php?rest_route=\/wp\/v2\/posts\/761\/revisions\/2516"}],"wp:featuredmedia":[{"embeddable":true,"href":"https:\/\/mezosuli.hu\/index.php?rest_route=\/wp\/v2\/media\/758"}],"wp:attachment":[{"href":"https:\/\/mezosuli.hu\/index.php?rest_route=%2Fwp%2Fv2%2Fmedia&parent=761"}],"wp:term":[{"taxonomy":"category","embeddable":true,"href":"https:\/\/mezosuli.hu\/index.php?rest_route=%2Fwp%2Fv2%2Fcategories&post=761"},{"taxonomy":"post_tag","embeddable":true,"href":"https:\/\/mezosuli.hu\/index.php?rest_route=%2Fwp%2Fv2%2Ftags&post=761"}],"curies":[{"name":"wp","href":"https:\/\/api.w.org\/{rel}","templated":true}]}}