{"id":768,"date":"2019-11-25T08:19:10","date_gmt":"2019-11-25T07:19:10","guid":{"rendered":"https:\/\/uj.mezosuli.hu\/?p=768"},"modified":"2026-03-20T13:51:44","modified_gmt":"2026-03-20T12:51:44","slug":"brfk-prevencio-2","status":"publish","type":"post","link":"https:\/\/mezosuli.hu\/?p=768","title":{"rendered":"&#8222;A Szer, ami megv\u00e1ltoztat&#8221;"},"content":{"rendered":"<div>\n<section style=\"font-size: 16px;\"><span style=\"font-size: 20pt; font-variant: small-caps; letter-spacing: 1px; color: maroon;\"><span style=\"color: #008000;\">Sz\u00fcl\u0151k iskol\u00e1ja\u00a0\u00a0\u00a0\u00a0\u00a0\u00a0\u00a0\u00a0\u00a0\u00a0\u00a0\u00a0\u00a0\u00a0\u00a0\u00a0\u00a0\u00a0\u00a0\u00a0\u00a0\u00a0\u00a0\u00a0\u00a0\u00a0\u00a0\u00a0\u00a0\u00a0\u00a0\u00a0 \u00a0 \u00a0 \u00a0 \u00a0 \u00a0 \u00a0\u00a0 \u00a0 \u00a0 \u00a0\u00a0 \u00a0\u00a0\u00a0\u00a0\u00a0 <a href=\"index.php?option=com_content&amp;view=article&amp;id=291;szuloknek&amp;catid=35;szuloknek\"><img loading=\"lazy\" decoding=\"async\" class=\" size-full wp-image-765\" style=\"vertical-align: middle;\" src=\"https:\/\/uj.mezosuli.hu\/wp-content\/uploads\/2019\/11\/szulok_128px.png\" alt=\"Sz\u00fcl\u0151knek\" width=\"50\" height=\"50\" \/><\/a><\/span><\/span><\/p>\n<table style=\"width: 770px; height: 409px;\">\n<tbody>\n<tr>\n<td colspan=\"2\">\n<p style=\"text-align: justify;\"><span style=\"font-size: 14pt;\"><strong><em>A szer, ami megv\u00e1ltoztat<\/em><\/strong> c\u00edmmel tartott el\u0151ad\u00e1st 2019. november 20-\u00e1n iskol\u00e1nkban Seb\u0151kn\u00e9 Barad M\u00e1rta, a BRFK 14. ker\u00fcleti rend\u0151rkapit\u00e1nys\u00e1g\u00e1nak munkat\u00e1rsa. Az el\u0151ad\u00e1s a BRFK \u00faj drogprevenci\u00f3s programj\u00e1nak r\u00e9sze, ami a 7. \u00e9s 8. oszt\u00e1lyos tanul\u00f3k sz\u00fcleit c\u00e9lozza meg. Mint kider\u00fclt, a korcsoportv\u00e1laszt\u00e1s nem v\u00e9letlen. Tapasztalataik szerint ugyanis tendencia, hogy a drogok m\u00e1r az \u00e1ltal\u00e1nos iskol\u00e1kban megjelennek, a drogfogyaszt\u00f3k \u00e1tlag\u00e9letkora egyre lejjebb tol\u00f3dik.<\/span><\/p>\n<\/td>\n<\/tr>\n<tr style=\"height: 180px;\">\n<td><span style=\"font-size: 14pt;\">\u00a0<img loading=\"lazy\" decoding=\"async\" class=\" size-full wp-image-766\" style=\"margin: 0px 30px 40px 0px;\" src=\"https:\/\/uj.mezosuli.hu\/wp-content\/uploads\/2019\/11\/BRFK-prev.jpg\" alt=\"BRFK prev\" width=\"1237\" height=\"730\" srcset=\"https:\/\/mezosuli.hu\/wp-content\/uploads\/2019\/11\/BRFK-prev.jpg 686w, https:\/\/mezosuli.hu\/wp-content\/uploads\/2019\/11\/BRFK-prev-300x177.jpg 300w\" sizes=\"auto, (max-width: 1237px) 100vw, 1237px\" \/><\/span><\/td>\n<td style=\"vertical-align: middle;\">\n<article>\n<p style=\"padding-left: 30px; text-align: justify;\"><span id=\"tinymce\" class=\"mx-base mceContentBody\" style=\"font-size: 14pt;\">Az elhangzott el\u0151ad\u00e1s nagyr\u00e9szt a BRFK drogprevenci\u00f3s kisfilmj\u00e9re \u00e9p\u00fclt, melyben kor\u00e1bbi drogfogyaszt\u00f3k \u2013k\u00f6zt\u00fck ismert celebek is \u2013 vallottak szerf\u00fcgg\u0151s\u00e9g\u00fckr\u0151l, de megsz\u00f3lalt a szakember is. Zacher G\u00e1bor toxikol\u00f3gus r\u00f6vid, de \u00fct\u0151s mondatai tal\u00e1n sokkol\u00f3an \u00e9rt\u00e9k a sz\u00fcl\u0151ket, de a program c\u00e9lja, hogy r\u00e1vil\u00e1g\u00edtson a sz\u00fcl\u0151k felel\u0151ss\u00e9g\u00e9re a szerhaszn\u00e1latban, \u00e9s eloszlassa azt a t\u00e9vhitet, hogy a \u201e<em>mi gyermek\u00fcnkkel ez nem t\u00f6rt\u00e9nhet meg<\/em>\u201d.<\/span><\/p>\n<\/article>\n<\/td>\n<\/tr>\n<tr>\n<td colspan=\"2\"><span style=\"font-size: 14pt;\">A legfontosabb k\u00e9rd\u00e9s term\u00e9szetesen: mit tehet a sz\u00fcl\u0151, hogy gyermeke ne v\u00e1ljon szerhaszn\u00e1l\u00f3v\u00e1? A szakember v\u00e1lasza erre r\u00f6vid \u00e9s t\u00f6m\u00f6r:<\/span><\/p>\n<p style=\"text-align: center;\"><span style=\"font-size: 14pt;\"><strong>Figyelj\u00fcnk gyermek\u00fcnkre \u00e9s kommunik\u00e1ljunk vele!<\/strong><\/span><\/p>\n<p><span style=\"font-size: 14pt;\">Az elhangzott el\u0151ad\u00e1s b\u0151vebb \u00f6sszefoglal\u00f3j\u00e1t a <a href=\"https:\/\/uj.mezosuli.hu\/wp-content\/uploads\/2019\/11\/szulok-iskolaja-osszefogl-20191120.pdf\" target=\"_blank\" rel=\"noopener\">linkre<\/a> kattintva elolvashatj\u00e1k.<\/span><\/td>\n<\/tr>\n<\/tbody>\n<\/table>\n<p><span style=\"font-size: 14pt;\">\u00a0\u00a0\u00a0\u00a0\u00a0\u00a0\u00a0\u00a0\u00a0\u00a0\u00a0\u00a0\u00a0\u00a0\u00a0\u00a0\u00a0\u00a0\u00a0\u00a0\u00a0\u00a0\u00a0\u00a0\u00a0\u00a0\u00a0\u00a0\u00a0\u00a0\u00a0\u00a0\u00a0\u00a0\u00a0\u00a0\u00a0\u00a0\u00a0\u00a0\u00a0\u00a0\u00a0\u00a0\u00a0\u00a0\u00a0\u00a0\u00a0\u00a0\u00a0\u00a0\u00a0\u00a0\u00a0\u00a0\u00a0\u00a0\u00a0\u00a0\u00a0\u00a0\u00a0\u00a0\u00a0\u00a0\u00a0\u00a0\u00a0\u00a0\u00a0\u00a0\u00a0\u00a0\u00a0\u00a0\u00a0\u00a0\u00a0\u00a0\u00a0\u00a0\u00a0\u00a0\u00a0\u00a0\u00a0\u00a0\u00a0\u00a0\u00a0\u00a0\u00a0\u00a0\u00a0\u00a0\u00a0\u00a0\u00a0\u00a0\u00a0\u00a0\u00a0\u00a0\u00a0\u00a0\u00a0\u00a0\u00a0\u00a0\u00a0\u00a0\u00a0\u00a0\u00a0\u00a0\u00a0\u00a0\u00a0\u00a0\u00a0 Orosz Adrienn<\/span><\/p>\n<\/section>\n<section style=\"font-size: 16px;\"><span style=\"font-size: 14pt;\"><em>\u00a0\u00a0\u00a0\u00a0\u00a0\u00a0\u00a0\u00a0\u00a0\u00a0\u00a0\u00a0\u00a0\u00a0\u00a0\u00a0\u00a0\u00a0\u00a0\u00a0\u00a0\u00a0\u00a0\u00a0\u00a0\u00a0\u00a0\u00a0\u00a0\u00a0\u00a0\u00a0\u00a0\u00a0\u00a0\u00a0\u00a0\u00a0\u00a0\u00a0\u00a0\u00a0\u00a0\u00a0\u00a0\u00a0\u00a0\u00a0\u00a0\u00a0\u00a0\u00a0\u00a0\u00a0\u00a0\u00a0\u00a0\u00a0\u00a0\u00a0\u00a0\u00a0\u00a0\u00a0\u00a0\u00a0\u00a0\u00a0\u00a0\u00a0\u00a0\u00a0\u00a0\u00a0\u00a0\u00a0\u00a0\u00a0\u00a0\u00a0\u00a0\u00a0\u00a0\u00a0\u00a0\u00a0\u00a0\u00a0\u00a0\u00a0\u00a0\u00a0\u00a0\u00a0\u00a0\u00a0\u00a0\u00a0\u00a0\u00a0\u00a0\u00a0\u00a0\u00a0\u00a0\u00a0\u00a0\u00a0\u00a0\u00a0\u00a0\u00a0\u00a0\u00a0\u00a0\u00a0\u00a0 iskolapszichol\u00f3gus<\/em><\/span><\/section>\n<\/div>\n","protected":false},"excerpt":{"rendered":"<p>Sz\u00fcl\u0151k iskol\u00e1ja\u00a0\u00a0\u00a0\u00a0\u00a0\u00a0\u00a0\u00a0\u00a0\u00a0\u00a0\u00a0\u00a0\u00a0\u00a0\u00a0\u00a0\u00a0\u00a0\u00a0\u00a0\u00a0\u00a0\u00a0\u00a0\u00a0\u00a0\u00a0\u00a0\u00a0\u00a0\u00a0 \u00a0 \u00a0 \u00a0 \u00a0 \u00a0 \u00a0\u00a0 \u00a0 \u00a0 \u00a0\u00a0 \u00a0\u00a0\u00a0\u00a0\u00a0 A szer, ami megv\u00e1ltoztat c\u00edmmel tartott el\u0151ad\u00e1st 2019. november 20-\u00e1n iskol\u00e1nkban Seb\u0151kn\u00e9 Barad M\u00e1rta, a BRFK 14. ker\u00fcleti&hellip;<\/p>\n","protected":false},"author":1,"featured_media":0,"comment_status":"closed","ping_status":"open","sticky":false,"template":"","format":"standard","meta":{"_jetpack_memberships_contains_paid_content":false,"footnotes":""},"categories":[41],"tags":[],"class_list":["post-768","post","type-post","status-publish","format-standard","hentry","category-2019-hirarchivum"],"jetpack_featured_media_url":"","jetpack_sharing_enabled":true,"_links":{"self":[{"href":"https:\/\/mezosuli.hu\/index.php?rest_route=\/wp\/v2\/posts\/768","targetHints":{"allow":["GET"]}}],"collection":[{"href":"https:\/\/mezosuli.hu\/index.php?rest_route=\/wp\/v2\/posts"}],"about":[{"href":"https:\/\/mezosuli.hu\/index.php?rest_route=\/wp\/v2\/types\/post"}],"author":[{"embeddable":true,"href":"https:\/\/mezosuli.hu\/index.php?rest_route=\/wp\/v2\/users\/1"}],"replies":[{"embeddable":true,"href":"https:\/\/mezosuli.hu\/index.php?rest_route=%2Fwp%2Fv2%2Fcomments&post=768"}],"version-history":[{"count":2,"href":"https:\/\/mezosuli.hu\/index.php?rest_route=\/wp\/v2\/posts\/768\/revisions"}],"predecessor-version":[{"id":3539,"href":"https:\/\/mezosuli.hu\/index.php?rest_route=\/wp\/v2\/posts\/768\/revisions\/3539"}],"wp:attachment":[{"href":"https:\/\/mezosuli.hu\/index.php?rest_route=%2Fwp%2Fv2%2Fmedia&parent=768"}],"wp:term":[{"taxonomy":"category","embeddable":true,"href":"https:\/\/mezosuli.hu\/index.php?rest_route=%2Fwp%2Fv2%2Fcategories&post=768"},{"taxonomy":"post_tag","embeddable":true,"href":"https:\/\/mezosuli.hu\/index.php?rest_route=%2Fwp%2Fv2%2Ftags&post=768"}],"curies":[{"name":"wp","href":"https:\/\/api.w.org\/{rel}","templated":true}]}}