{"id":770,"date":"2019-11-28T14:12:55","date_gmt":"2019-11-28T13:12:55","guid":{"rendered":"https:\/\/uj.mezosuli.hu\/?p=770"},"modified":"2026-03-20T11:24:34","modified_gmt":"2026-03-20T10:24:34","slug":"advent","status":"publish","type":"post","link":"https:\/\/mezosuli.hu\/?p=770","title":{"rendered":"Adventi napt\u00e1r 2019"},"content":{"rendered":"<div class=\"txF_raleway tx16t\" style=\"margin-bottom: 15px; text-align: left;\">\n<p><span style=\"font-size: 18pt; color: #0000ff;\">B\u00c9K\u00c9S ISKOL\u00c1K<\/span><\/p>\n<hr \/>\n<div id=\"pdf\" align=\"center\">\n<table style=\"width: 851px; height: 404px;\">\n<tbody>\n<tr>\n<td style=\"text-align: justify;\" colspan=\"2\"><span style=\"font-size: 14pt;\">Kedves Mez\u0151s\u00f6k!<\/span><\/p>\n<p>&nbsp;<\/p>\n<p><span style=\"font-size: 14pt;\">Az advent a kar\u00e1csonyra, a szeretet \u00fcnnep\u00e9re val\u00f3 k\u00e9sz\u00fcl\u00e9sr\u0151l, r\u00e1hangol\u00f3d\u00e1sr\u00f3l sz\u00f3l. Ez az id\u0151szak lehet\u0151s\u00e9get ad sz\u00e1munkra, hogy emberi kapcsolatainkat is \u00e1tgondoljuk, meger\u0151s\u00edts\u00fck. Ez\u00e1ltal mi is gazdagodunk, hiszen a pozit\u00edv pszichol\u00f3gia m\u00e1r r\u00e9g\u00f3ta tudja, hogy a boldogs\u00e1g egyik legfontosabb \u00f6sszetev\u0151je a t\u00f6bbi emberhez f\u0171z\u0151d\u0151 pozit\u00edv kapcsolat.<\/span><\/td>\n<\/tr>\n<tr>\n<td style=\"width: 403px; height: 262px;\"><span style=\"font-size: 14pt;\"><a href=\"index.php?option=com_content&amp;view=article&amp;id=435;advent2&amp;catid=2;uncategorised\" target=\"_blank\" rel=\"noopener\"><img loading=\"lazy\" decoding=\"async\" style=\"margin: 8px;\" src=\"https:\/\/uj.mezosuli.hu\/wp-content\/uploads\/2019\/11\/alap_szamokkal.jpg\" alt=\"alap szamokkal\" width=\"387\" height=\"246\" \/><\/a><\/span><\/td>\n<td>\n<p style=\"text-align: justify;\"><span style=\"font-size: 14pt;\">Ennek jegy\u00e9ben az id\u00e9n is fel\u00e1ll\u00edtjuk <em>J\u00f3cselekedetek napt\u00e1runkat<\/em>. Az adventi id\u0151szakban, december 2. \u00e9s 20.-a k\u00f6z\u00f6tt minden h\u00e9tk\u00f6znap reggel kinyitunk egy-egy ablakot a napt\u00e1runkon, ahol j\u00f3cselekedeteket rejtett\u00fcnk el. Arra biztatunk mindenkit, hogy k\u00f6vesse ezeket honlapunkon vagy Facebook oldalunkon! Ha minden nap teljes\u00edtj\u00fck az aznapi j\u00f3cselekedet\u00fcnket, azzal nemcsak kapcsolatainkat \u00e1poljuk, de b\u00e9k\u00e9t teremt\u00fcnk \u00f6nmagunkban \u00e9s magunk k\u00f6r\u00fcl is. \u00a0\u00a0\u00a0<\/span><\/p>\n<\/td>\n<\/tr>\n<tr>\n<td><\/td>\n<td>\n<p style=\"text-align: right;\"><span style=\"font-size: 14pt;\">B\u00e9k\u00e9s iskol\u00e1k b\u00e9k\u00edt\u0151 team<\/span><\/p>\n<\/td>\n<\/tr>\n<\/tbody>\n<\/table>\n<p>&nbsp;<\/p>\n<\/div>\n<\/div>\n","protected":false},"excerpt":{"rendered":"<p>B\u00c9K\u00c9S ISKOL\u00c1K Kedves Mez\u0151s\u00f6k! &nbsp; Az advent a kar\u00e1csonyra, a szeretet \u00fcnnep\u00e9re val\u00f3 k\u00e9sz\u00fcl\u00e9sr\u0151l, r\u00e1hangol\u00f3d\u00e1sr\u00f3l sz\u00f3l. Ez az id\u0151szak lehet\u0151s\u00e9get ad sz\u00e1munkra, hogy emberi kapcsolatainkat is \u00e1tgondoljuk, meger\u0151s\u00edts\u00fck. Ez\u00e1ltal mi&hellip;<\/p>\n","protected":false},"author":1,"featured_media":0,"comment_status":"closed","ping_status":"open","sticky":false,"template":"","format":"standard","meta":{"_jetpack_memberships_contains_paid_content":false,"footnotes":""},"categories":[41],"tags":[],"class_list":["post-770","post","type-post","status-publish","format-standard","hentry","category-2019-hirarchivum"],"jetpack_featured_media_url":"","jetpack_sharing_enabled":true,"_links":{"self":[{"href":"https:\/\/mezosuli.hu\/index.php?rest_route=\/wp\/v2\/posts\/770","targetHints":{"allow":["GET"]}}],"collection":[{"href":"https:\/\/mezosuli.hu\/index.php?rest_route=\/wp\/v2\/posts"}],"about":[{"href":"https:\/\/mezosuli.hu\/index.php?rest_route=\/wp\/v2\/types\/post"}],"author":[{"embeddable":true,"href":"https:\/\/mezosuli.hu\/index.php?rest_route=\/wp\/v2\/users\/1"}],"replies":[{"embeddable":true,"href":"https:\/\/mezosuli.hu\/index.php?rest_route=%2Fwp%2Fv2%2Fcomments&post=770"}],"version-history":[{"count":2,"href":"https:\/\/mezosuli.hu\/index.php?rest_route=\/wp\/v2\/posts\/770\/revisions"}],"predecessor-version":[{"id":3424,"href":"https:\/\/mezosuli.hu\/index.php?rest_route=\/wp\/v2\/posts\/770\/revisions\/3424"}],"wp:attachment":[{"href":"https:\/\/mezosuli.hu\/index.php?rest_route=%2Fwp%2Fv2%2Fmedia&parent=770"}],"wp:term":[{"taxonomy":"category","embeddable":true,"href":"https:\/\/mezosuli.hu\/index.php?rest_route=%2Fwp%2Fv2%2Fcategories&post=770"},{"taxonomy":"post_tag","embeddable":true,"href":"https:\/\/mezosuli.hu\/index.php?rest_route=%2Fwp%2Fv2%2Ftags&post=770"}],"curies":[{"name":"wp","href":"https:\/\/api.w.org\/{rel}","templated":true}]}}