{"id":876,"date":"2020-02-20T07:29:10","date_gmt":"2020-02-20T06:29:10","guid":{"rendered":"https:\/\/uj.mezosuli.hu\/?p=876"},"modified":"2026-03-20T14:35:07","modified_gmt":"2026-03-20T13:35:07","slug":"aramszunet-2","status":"publish","type":"post","link":"https:\/\/mezosuli.hu\/?p=876","title":{"rendered":"\u00c1ramsz\u00fcnet 2020"},"content":{"rendered":"<div style=\"font-family: 'Raleway', sans-serif;\" align=\"center\">\n<section style=\"font-size: 16px;\">\n<p style=\"font-size: 16px; text-align: justify; font-family: 'Open Sans', sans-serif; font-weight: 500;\"><span style=\"color: #ff6600; font-size: 20pt; font-variant-caps: small-caps; letter-spacing: 1pt;\">Tisztelt Sz\u00fcl\u0151k!<\/span><\/p>\n<hr \/>\n<div>\n<p>&nbsp;<\/p>\n<div>T\u00e1j\u00e9koztatom \u00d6n\u00f6ket, hogy <strong>2020.02.27-\u00e9n 11.00-15.00 \u00f3ra<\/strong> k\u00f6z\u00f6tt int\u00e9zm\u00e9ny\u00fcnkben \u00a0traf\u00f3\u00e1llom\u00e1s karbantart\u00e1st v\u00e9gez az ELM\u0170, ez\u00e9rt ezen a napon r\u00f6vid\u00edtett \u00f3r\u00e1kkal az els\u0151 5 \u00f3r\u00e1t tartjuk csak meg 11.25-ig.<\/div>\n<p>Ezen a napon hideg eb\u00e9dcsomagot kapnak az eb\u00e9dre befizetett gyerekek. K\u00e9rem \u00d6n\u00f6ket, hogy a tan\u00edt\u00e1s befejezt\u00e9vel gondoskodjanak gyermek\u00fck fel\u00fcgyelet\u00e9r\u0151l, mert az \u00e9p\u00fcletben <strong>sem \u00e1ram, sem f\u0171t\u00e9s nem lesz<\/strong> a fent nevezett id\u0151szakban. Fel\u00fcgyeletet tudunk biztos\u00edtani korl\u00e1tozott sz\u00e1mban. Aki \u00e9l ezzel a lehet\u0151s\u00e9ggel, jelezze az oszt\u00e1lyf\u0151n\u00f6knek febru\u00e1r 24-ig, \u00e9s meleg ruh\u00e1zattal l\u00e1ssa el gyermek\u00e9t. Meg\u00e9rt\u00e9s\u00fcket, \u00e9s t\u00fcrelm\u00fcket k\u00f6sz\u00f6n\u00f6m.<\/p>\n<\/div>\n<div style=\"text-align: right;\">Gomb\u00e1r Erzs\u00e9bet int\u00e9zm\u00e9nyvezet\u0151<\/div>\n<p>&nbsp;<\/p>\n<div style=\"font-size: 16px;\" align=\"center\">\n<div>\n<p style=\"float: right;\"><span style=\"font-size: 16px; font-family: 'Raleway', sans-serif;\">Budapest, 2020.febru\u00e1r 20.<br \/>\n<\/span><\/p>\n<\/div>\n<\/div>\n<\/section>\n<\/div>\n","protected":false},"excerpt":{"rendered":"<p>Tisztelt Sz\u00fcl\u0151k! &nbsp; T\u00e1j\u00e9koztatom \u00d6n\u00f6ket, hogy 2020.02.27-\u00e9n 11.00-15.00 \u00f3ra k\u00f6z\u00f6tt int\u00e9zm\u00e9ny\u00fcnkben \u00a0traf\u00f3\u00e1llom\u00e1s karbantart\u00e1st v\u00e9gez az ELM\u0170, ez\u00e9rt ezen a napon r\u00f6vid\u00edtett \u00f3r\u00e1kkal az els\u0151 5 \u00f3r\u00e1t tartjuk csak meg 11.25-ig.&hellip;<\/p>\n","protected":false},"author":1,"featured_media":0,"comment_status":"closed","ping_status":"open","sticky":false,"template":"","format":"standard","meta":{"_jetpack_memberships_contains_paid_content":false,"footnotes":""},"categories":[42],"tags":[],"class_list":["post-876","post","type-post","status-publish","format-standard","hentry","category-2020-hirarchivum"],"jetpack_featured_media_url":"","jetpack_sharing_enabled":true,"_links":{"self":[{"href":"https:\/\/mezosuli.hu\/index.php?rest_route=\/wp\/v2\/posts\/876","targetHints":{"allow":["GET"]}}],"collection":[{"href":"https:\/\/mezosuli.hu\/index.php?rest_route=\/wp\/v2\/posts"}],"about":[{"href":"https:\/\/mezosuli.hu\/index.php?rest_route=\/wp\/v2\/types\/post"}],"author":[{"embeddable":true,"href":"https:\/\/mezosuli.hu\/index.php?rest_route=\/wp\/v2\/users\/1"}],"replies":[{"embeddable":true,"href":"https:\/\/mezosuli.hu\/index.php?rest_route=%2Fwp%2Fv2%2Fcomments&post=876"}],"version-history":[{"count":2,"href":"https:\/\/mezosuli.hu\/index.php?rest_route=\/wp\/v2\/posts\/876\/revisions"}],"predecessor-version":[{"id":3597,"href":"https:\/\/mezosuli.hu\/index.php?rest_route=\/wp\/v2\/posts\/876\/revisions\/3597"}],"wp:attachment":[{"href":"https:\/\/mezosuli.hu\/index.php?rest_route=%2Fwp%2Fv2%2Fmedia&parent=876"}],"wp:term":[{"taxonomy":"category","embeddable":true,"href":"https:\/\/mezosuli.hu\/index.php?rest_route=%2Fwp%2Fv2%2Fcategories&post=876"},{"taxonomy":"post_tag","embeddable":true,"href":"https:\/\/mezosuli.hu\/index.php?rest_route=%2Fwp%2Fv2%2Ftags&post=876"}],"curies":[{"name":"wp","href":"https:\/\/api.w.org\/{rel}","templated":true}]}}