{"id":891,"date":"2020-02-28T06:57:26","date_gmt":"2020-02-28T05:57:26","guid":{"rendered":"https:\/\/uj.mezosuli.hu\/?p=891"},"modified":"2026-03-20T12:36:58","modified_gmt":"2026-03-20T11:36:58","slug":"palyazat-3","status":"publish","type":"post","link":"https:\/\/mezosuli.hu\/?p=891","title":{"rendered":"P\u00e1ly\u00e1zat 2020"},"content":{"rendered":"<div style=\"font-family: 'Raleway', sans-serif; text-align: right;\" align=\"center\">\n<section style=\"font-size: 16px;\">\n<p style=\"font-size: 16px; text-align: justify; font-family: 'Open Sans', sans-serif; font-weight: 500;\"><span style=\"color: #ff6600; font-size: 20pt; font-variant-caps: small-caps; letter-spacing: 1pt;\">P\u00e1ly\u00e1zat!<\/span><\/p>\n<hr \/>\n<p style=\"line-height: 24px; margin-right: 10px; text-align: left;\">\n<p style=\"text-align: left;\">Az Emberi Er\u0151forr\u00e1sok Minisztere a Dr. Mez\u0151 Ferenc \u00c1ltal\u00e1nos Iskola int\u00e9zm\u00e9nyvezet\u0151 beoszt\u00e1s\u00e1ra p\u00e1ly\u00e1zatot \u00edrt ki.<\/p>\n<p style=\"text-align: left;\">Int\u00e9zm\u00e9ny\u00fcnk kijel\u00f6lt p\u00e1ly\u00e1zati kapcsolattart\u00f3ja:<\/p>\n<p style=\"text-align: left;\">Bakkai Melinda &#8211; int\u00e9zm\u00e9nyvezet\u0151-helyettes<\/p>\n<p style=\"text-align: left;\">e-mail: <a href=\"mailto:bakkai.melinda@mezosuli.hu\">bakkai.melinda (kukac) mezosuli.hu<\/a><\/p>\n<p style=\"text-align: left;\">telefon: 0670\/310 5338<\/p>\n<p style=\"text-align: left;\">P\u00e1ly\u00e1zati ki\u00edr\u00e1s <a href=\"https:\/\/uj.mezosuli.hu\/wp-content\/uploads\/2020\/02\/Dr._Mezo_Ferenc_Altalanos_Iskola_-_intezmenyvezetoi_palyazat.pdf\" target=\"_blank\" rel=\"noopener\">itt<\/a>.<\/p>\n<div>\n<p style=\"float: right;\"><span style=\"font-size: 16px; font-family: 'Raleway', sans-serif;\">Budapest, 2020.febru\u00e1r 06.<br \/>\n<\/span><\/p>\n<\/div>\n<\/section>\n<\/div>\n","protected":false},"excerpt":{"rendered":"<p>P\u00e1ly\u00e1zat! Az Emberi Er\u0151forr\u00e1sok Minisztere a Dr. Mez\u0151 Ferenc \u00c1ltal\u00e1nos Iskola int\u00e9zm\u00e9nyvezet\u0151 beoszt\u00e1s\u00e1ra p\u00e1ly\u00e1zatot \u00edrt ki. Int\u00e9zm\u00e9ny\u00fcnk kijel\u00f6lt p\u00e1ly\u00e1zati kapcsolattart\u00f3ja: Bakkai Melinda &#8211; int\u00e9zm\u00e9nyvezet\u0151-helyettes e-mail: bakkai.melinda (kukac) mezosuli.hu telefon: 0670\/310&hellip;<\/p>\n","protected":false},"author":1,"featured_media":0,"comment_status":"closed","ping_status":"open","sticky":false,"template":"","format":"standard","meta":{"_jetpack_memberships_contains_paid_content":false,"footnotes":""},"categories":[42],"tags":[],"class_list":["post-891","post","type-post","status-publish","format-standard","hentry","category-2020-hirarchivum"],"jetpack_featured_media_url":"","jetpack_sharing_enabled":true,"_links":{"self":[{"href":"https:\/\/mezosuli.hu\/index.php?rest_route=\/wp\/v2\/posts\/891","targetHints":{"allow":["GET"]}}],"collection":[{"href":"https:\/\/mezosuli.hu\/index.php?rest_route=\/wp\/v2\/posts"}],"about":[{"href":"https:\/\/mezosuli.hu\/index.php?rest_route=\/wp\/v2\/types\/post"}],"author":[{"embeddable":true,"href":"https:\/\/mezosuli.hu\/index.php?rest_route=\/wp\/v2\/users\/1"}],"replies":[{"embeddable":true,"href":"https:\/\/mezosuli.hu\/index.php?rest_route=%2Fwp%2Fv2%2Fcomments&post=891"}],"version-history":[{"count":2,"href":"https:\/\/mezosuli.hu\/index.php?rest_route=\/wp\/v2\/posts\/891\/revisions"}],"predecessor-version":[{"id":3492,"href":"https:\/\/mezosuli.hu\/index.php?rest_route=\/wp\/v2\/posts\/891\/revisions\/3492"}],"wp:attachment":[{"href":"https:\/\/mezosuli.hu\/index.php?rest_route=%2Fwp%2Fv2%2Fmedia&parent=891"}],"wp:term":[{"taxonomy":"category","embeddable":true,"href":"https:\/\/mezosuli.hu\/index.php?rest_route=%2Fwp%2Fv2%2Fcategories&post=891"},{"taxonomy":"post_tag","embeddable":true,"href":"https:\/\/mezosuli.hu\/index.php?rest_route=%2Fwp%2Fv2%2Ftags&post=891"}],"curies":[{"name":"wp","href":"https:\/\/api.w.org\/{rel}","templated":true}]}}