{"id":912,"date":"2020-03-10T10:36:38","date_gmt":"2020-03-10T09:36:38","guid":{"rendered":"https:\/\/uj.mezosuli.hu\/?p=912"},"modified":"2026-03-17T10:52:29","modified_gmt":"2026-03-17T09:52:29","slug":"iskolank-eletebol","status":"publish","type":"post","link":"https:\/\/mezosuli.hu\/?p=912","title":{"rendered":"Iskol\u00e1nk \u00e9let\u00e9b\u0151l"},"content":{"rendered":"<p><strong>Farsang, m\u00e1sk\u00e9pp<\/strong><\/p>\n<p>H\u00e1rom alkalmas, t\u00e9l\u0171z\u0151 <a href=\"https:\/\/uj.mezosuli.hu\/wp-content\/uploads\/2020\/03\/farsang.pdf\" target=\"_blank\" rel=\"noopener\"><img loading=\"lazy\" decoding=\"async\" src=\"https:\/\/uj.mezosuli.hu\/wp-content\/uploads\/2020\/03\/farsang.jpg\" alt=\"farsang\" width=\"89\" height=\"50\" \/><\/a> farsangi mulats\u00e1gunk az id\u00e9n formabont\u00f3 kavalk\u00e1d volt. Mez\u0151v\u00edzi\u00f3, az eurov\u00edzi\u00f3s dalverseny&#8230;<a href=\"https:\/\/uj.mezosuli.hu\/wp-content\/uploads\/2020\/03\/farsang.pdf\" target=\"_blank\">Tov\u00e1bb&nbsp; <\/a><\/p>\n<p style=\"text-align: right;\"><strong>K\u00f6z\u00e9p-Pesti Pedag\u00f3giai Napok a Mez\u0151ben<\/strong><\/p>\n<p style=\"text-align: right;\"><a href=\"https:\/\/uj.mezosuli.hu\/wp-content\/uploads\/2020\/03\/KPPN.pdf\" target=\"_blank\"><img loading=\"lazy\" decoding=\"async\" src=\"https:\/\/uj.mezosuli.hu\/wp-content\/uploads\/2020\/03\/kppn.jpg\" alt=\"kppn\" width=\"80\" height=\"60\" \/><\/a>Febru\u00e1r 12-\u00e9n nyitott kapukkal fogadtuk a tanker\u00fclet\u00fcnk, programjaink ir\u00e1nt \u00e9rdekl\u0151d\u0151&#8230; <a href=\"https:\/\/uj.mezosuli.hu\/wp-content\/uploads\/2020\/03\/KPPN.pdf\" target=\"_blank\">Tov\u00e1bb<\/a><\/p>\n<p><strong>Relax mez\u0151s-m\u00f3dra<\/strong><\/p>\n<p>A tan\u00e9v 2. f\u00e9l\u00e9v\u00e9ben megnyitottuk RELAX tanterm\u00fcnket, ami&#8230;<a href=\"https:\/\/uj.mezosuli.hu\/wp-content\/uploads\/2020\/03\/mezo_relax.pdf\" target=\"_blank\">Tov\u00e1bb<\/a> <a href=\"https:\/\/uj.mezosuli.hu\/wp-content\/uploads\/2020\/03\/mezo_relax.pdf\" target=\"_blank\"><img loading=\"lazy\" decoding=\"async\" src=\"https:\/\/uj.mezosuli.hu\/wp-content\/uploads\/2020\/03\/relax.jpg\" alt=\"relax\" width=\"82\" height=\"46\" \/><\/a><\/p>\n<p style=\"text-align: right;\"><strong>L\u00e1z\u00e1r Ervin Program<\/strong><\/p>\n<p style=\"text-align: right;\">A hetedik \u00e9vfolyam&nbsp;<a href=\"https:\/\/uj.mezosuli.hu\/wp-content\/uploads\/2020\/03\/lazar_e_program.pdf\" target=\"_blank\"><img loading=\"lazy\" decoding=\"async\" src=\"https:\/\/uj.mezosuli.hu\/wp-content\/uploads\/2020\/03\/lazar.png\" alt=\"lazar\" width=\"105\" height=\"51\" \/><\/a> febru\u00e1r 17-\u00e9n a Budapesti Filharm\u00f3niai T\u00e1rsas\u00e1g \u00e1ltal el\u0151adott&#8230; <a href=\"https:\/\/uj.mezosuli.hu\/wp-content\/uploads\/2020\/03\/lazar_e_program.pdf\" target=\"_blank\">Tov\u00e1bb<\/a><\/p>\n<p><strong>B\u00e9k\u00e9s harcosok a Mez\u0151ben<\/strong><\/p>\n<p>A Dr. Mez\u0151 Ferenc \u00c1ltal\u00e1nos Iskola \u00e9vek \u00f3ta elk\u00f6telezett B\u00e9k\u00e9s iskola.&nbsp;<a href=\"https:\/\/uj.mezosuli.hu\/wp-content\/uploads\/2020\/03\/Bekes_harcosok_a_Mezoben.pdf\" target=\"_blank\"><img loading=\"lazy\" decoding=\"async\" src=\"https:\/\/uj.mezosuli.hu\/wp-content\/uploads\/2020\/03\/bekes.jpg\" alt=\"bekes\" width=\"67\" height=\"51\" \/><\/a> Ennek szellem\u00e9ben &#8230; <a href=\"https:\/\/uj.mezosuli.hu\/wp-content\/uploads\/2020\/03\/Bekes_harcosok_a_Mezoben.pdf\" target=\"_blank\">Tov\u00e1bb<\/a><\/p>\n<p style=\"text-align: right;\"><strong>Ker\u00fcleti tanulm\u00e1nyi verseny \u2013 angol nyelv<\/strong><\/p>\n<p style=\"text-align: right;\">A Dr. Mez\u0151 Ferenc \u00c1ltal\u00e1nos Iskol\u00e1ban ker\u00fclt id\u00e9n megrendez\u00e9sre febru\u00e1r 13-\u00e1n a ker\u00fcleti angol tanulm\u00e1nyi verseny \u00edr\u00e1sbeli fordul\u00f3ja&#8230; <a href=\"https:\/\/uj.mezosuli.hu\/wp-content\/uploads\/2020\/03\/keruleti_angol.pdf\" target=\"_blank\">Tov\u00e1bb<\/a><\/p>\n","protected":false},"excerpt":{"rendered":"<p>Farsang, m\u00e1sk\u00e9pp H\u00e1rom alkalmas, t\u00e9l\u0171z\u0151 farsangi mulats\u00e1gunk az id\u00e9n formabont\u00f3 kavalk\u00e1d volt. Mez\u0151v\u00edzi\u00f3, az eurov\u00edzi\u00f3s dalverseny&#8230;Tov\u00e1bb&nbsp; K\u00f6z\u00e9p-Pesti Pedag\u00f3giai Napok a Mez\u0151ben Febru\u00e1r 12-\u00e9n nyitott kapukkal fogadtuk a tanker\u00fclet\u00fcnk, programjaink ir\u00e1nt&hellip;<\/p>\n","protected":false},"author":1,"featured_media":902,"comment_status":"closed","ping_status":"open","sticky":false,"template":"","format":"standard","meta":{"_jetpack_memberships_contains_paid_content":false,"footnotes":""},"categories":[42],"tags":[],"class_list":["post-912","post","type-post","status-publish","format-standard","has-post-thumbnail","hentry","category-2020-hirarchivum"],"jetpack_featured_media_url":"https:\/\/mezosuli.hu\/wp-content\/uploads\/2020\/03\/farsang.jpg","jetpack_sharing_enabled":true,"_links":{"self":[{"href":"https:\/\/mezosuli.hu\/index.php?rest_route=\/wp\/v2\/posts\/912","targetHints":{"allow":["GET"]}}],"collection":[{"href":"https:\/\/mezosuli.hu\/index.php?rest_route=\/wp\/v2\/posts"}],"about":[{"href":"https:\/\/mezosuli.hu\/index.php?rest_route=\/wp\/v2\/types\/post"}],"author":[{"embeddable":true,"href":"https:\/\/mezosuli.hu\/index.php?rest_route=\/wp\/v2\/users\/1"}],"replies":[{"embeddable":true,"href":"https:\/\/mezosuli.hu\/index.php?rest_route=%2Fwp%2Fv2%2Fcomments&post=912"}],"version-history":[{"count":1,"href":"https:\/\/mezosuli.hu\/index.php?rest_route=\/wp\/v2\/posts\/912\/revisions"}],"predecessor-version":[{"id":2558,"href":"https:\/\/mezosuli.hu\/index.php?rest_route=\/wp\/v2\/posts\/912\/revisions\/2558"}],"wp:featuredmedia":[{"embeddable":true,"href":"https:\/\/mezosuli.hu\/index.php?rest_route=\/wp\/v2\/media\/902"}],"wp:attachment":[{"href":"https:\/\/mezosuli.hu\/index.php?rest_route=%2Fwp%2Fv2%2Fmedia&parent=912"}],"wp:term":[{"taxonomy":"category","embeddable":true,"href":"https:\/\/mezosuli.hu\/index.php?rest_route=%2Fwp%2Fv2%2Fcategories&post=912"},{"taxonomy":"post_tag","embeddable":true,"href":"https:\/\/mezosuli.hu\/index.php?rest_route=%2Fwp%2Fv2%2Ftags&post=912"}],"curies":[{"name":"wp","href":"https:\/\/api.w.org\/{rel}","templated":true}]}}