{"id":913,"date":"2020-03-11T11:36:13","date_gmt":"2020-03-11T10:36:13","guid":{"rendered":"https:\/\/uj.mezosuli.hu\/?p=913"},"modified":"2026-03-17T10:52:29","modified_gmt":"2026-03-17T09:52:29","slug":"koronavirus-2","status":"publish","type":"post","link":"https:\/\/mezosuli.hu\/?p=913","title":{"rendered":"Koronav\u00edrus (2)"},"content":{"rendered":"<div style=\"font-family: 'Raleway', sans-serif;\" align=\"center\">\n<section style=\"font-size: 16px;\">\n<p style=\"font-size: 16px; text-align: justify; font-family: 'Open Sans', sans-serif; font-weight: 500;\"><span style=\"color: #ff6600; font-size: 20pt; font-variant-caps: small-caps; letter-spacing: 1pt;\">Koronav\u00edrussal kapcsolatos t\u00e1j\u00e9koztat\u00e1s<\/span><\/p>\n<hr \/>\n<div style=\"text-align: left;\">Tisztelt Sz\u00fcl\u0151k!<\/p>\n<p>A koronav\u00edrus helyzettel \u00f6sszef\u00fcgg\u0151 legfontosabb megel\u0151z\u0151 int\u00e9zked\u00e9sek jelenleg az al\u00e1bbiak:<\/p>\n<ul>\n<li>Minden iskolai program, \u00fcnnep, utaz\u00e1s, bizonytalan ideig halaszt\u00e1sra ker\u00fcl.<\/li>\n<li>A m\u00e1rcius 15-i nemzeti \u00fcnneppel kapcsolatos megeml\u00e9kez\u00e9s\u00fcnk oszt\u00e1lykeretben t\u00f6rt\u00e9nik.<\/li>\n<li>E-Kr\u00e9t\u00e1n \u00e9s az iskola honlapj\u00e1n kereszt\u00fcl folyamatosan t\u00e1j\u00e9koztatjuk \u00d6n\u00f6ket a hozz\u00e1nk \u00e9rkez\u0151 friss h\u00edrekr\u0151l \u00e9s ennek f\u00fcggv\u00e9ny\u00e9ben az aktu\u00e1lis teend\u0151kr\u0151l.<\/li>\n<\/ul>\n<p>K\u00e9rem, az indokolatlan p\u00e1nik elker\u00fcl\u00e9se \u00e9rdek\u00e9ben csak a hivatalos korm\u00e1nyzati t\u00e1j\u00e9koztat\u00f3 oldalon tal\u00e1lhat\u00f3 &nbsp;inform\u00e1ci\u00f3kat vegy\u00e9k figyelembe (<a href=\"http:\/\/koronavirus.gov.hu\">http:\/\/koronavirus.gov.hu<\/a>)<\/p>\n<p>Tisztelettel k\u00e9rem, hogy az E-Kr\u00e9ta \u00fczeneteket figyelj\u00e9k folyamatosan \u00e9s a telefonon val\u00f3 \u00e9rdekl\u0151d\u00e9st mell\u0151zz\u00e9k munk\u00e1nk zavartalans\u00e1ga \u00e9rdek\u00e9ben.<\/p>\n<p>K\u00f6sz\u00f6n\u00f6m egy\u00fcttm\u0171k\u00f6d\u00e9s\u00fcket!<\/p>\n<p>Budapest, 2020.03.11.<\/p>\n<p style=\"text-align: center;\">\u00dcdv\u00f6zlettel:<\/p>\n<\/div>\n<div style=\"text-align: right;\">Gomb\u00e1r Erzs\u00e9bet<\/div>\n<div style=\"text-align: right;\">int\u00e9zm\u00e9nyvezet\u0151<\/div>\n<p><span style=\"font-size: 14pt;\"><\/span><\/section>\n<\/div>\n","protected":false},"excerpt":{"rendered":"<p>Koronav\u00edrussal kapcsolatos t\u00e1j\u00e9koztat\u00e1s Tisztelt Sz\u00fcl\u0151k! A koronav\u00edrus helyzettel \u00f6sszef\u00fcgg\u0151 legfontosabb megel\u0151z\u0151 int\u00e9zked\u00e9sek jelenleg az al\u00e1bbiak: Minden iskolai program, \u00fcnnep, utaz\u00e1s, bizonytalan ideig halaszt\u00e1sra ker\u00fcl. A m\u00e1rcius 15-i nemzeti \u00fcnneppel kapcsolatos&hellip;<\/p>\n","protected":false},"author":1,"featured_media":0,"comment_status":"closed","ping_status":"open","sticky":false,"template":"","format":"standard","meta":{"_jetpack_memberships_contains_paid_content":false,"footnotes":""},"categories":[42],"tags":[],"class_list":["post-913","post","type-post","status-publish","format-standard","hentry","category-2020-hirarchivum"],"jetpack_featured_media_url":"","jetpack_sharing_enabled":true,"_links":{"self":[{"href":"https:\/\/mezosuli.hu\/index.php?rest_route=\/wp\/v2\/posts\/913","targetHints":{"allow":["GET"]}}],"collection":[{"href":"https:\/\/mezosuli.hu\/index.php?rest_route=\/wp\/v2\/posts"}],"about":[{"href":"https:\/\/mezosuli.hu\/index.php?rest_route=\/wp\/v2\/types\/post"}],"author":[{"embeddable":true,"href":"https:\/\/mezosuli.hu\/index.php?rest_route=\/wp\/v2\/users\/1"}],"replies":[{"embeddable":true,"href":"https:\/\/mezosuli.hu\/index.php?rest_route=%2Fwp%2Fv2%2Fcomments&post=913"}],"version-history":[{"count":1,"href":"https:\/\/mezosuli.hu\/index.php?rest_route=\/wp\/v2\/posts\/913\/revisions"}],"predecessor-version":[{"id":2559,"href":"https:\/\/mezosuli.hu\/index.php?rest_route=\/wp\/v2\/posts\/913\/revisions\/2559"}],"wp:attachment":[{"href":"https:\/\/mezosuli.hu\/index.php?rest_route=%2Fwp%2Fv2%2Fmedia&parent=913"}],"wp:term":[{"taxonomy":"category","embeddable":true,"href":"https:\/\/mezosuli.hu\/index.php?rest_route=%2Fwp%2Fv2%2Fcategories&post=913"},{"taxonomy":"post_tag","embeddable":true,"href":"https:\/\/mezosuli.hu\/index.php?rest_route=%2Fwp%2Fv2%2Ftags&post=913"}],"curies":[{"name":"wp","href":"https:\/\/api.w.org\/{rel}","templated":true}]}}