{"id":916,"date":"2020-03-12T13:55:35","date_gmt":"2020-03-12T12:55:35","guid":{"rendered":"https:\/\/uj.mezosuli.hu\/?p=916"},"modified":"2026-03-20T12:36:23","modified_gmt":"2026-03-20T11:36:23","slug":"koronavirus-5","status":"publish","type":"post","link":"https:\/\/mezosuli.hu\/?p=916","title":{"rendered":"Koronav\u00edrus 2020 elmaradt programok"},"content":{"rendered":"<div style=\"font-family: 'Raleway', sans-serif; text-align: right;\" align=\"center\">\n<section style=\"font-size: 16px;\">\n<p style=\"font-size: 16px; text-align: justify; font-family: 'Open Sans', sans-serif; font-weight: 500;\"><span style=\"color: #ff0000; font-size: 20pt; font-variant-caps: small-caps; letter-spacing: 1pt;\">Tisztelt Sz\u00fcl\u0151k!<\/span><\/p>\n<hr \/>\n<div class=\"_2zOpJb7ZbCN0X1DoeFyiYw JWNdg1hee9_Rz6bIGvG1c allowTextSelection\">\n<div>\n<div class=\"rps_c4e9\">\n<div dir=\"ltr\">\n<div style=\"text-align: left;\">A koronav\u00edrus-j\u00e1rv\u00e1nyra val\u00f3 tekintettel a beiskol\u00e1z\u00e1shoz kapcsol\u00f3d\u00f3 rendezv\u00e9nyeink: ny\u00edlt napok, Sz\u00fcl\u0151i F\u00f3rum, bemutat\u00f3 \u00f3r\u00e1k tov\u00e1bbi rendelkez\u00e9sig elmaradnak.<\/div>\n<div>\n<div id=\"x_Signature\">\n<div id=\"x_divtagdefaultwrapper\" dir=\"ltr\">\n<p class=\"x_x_MsoNormal\" style=\"text-align: center;\">\u00dcdv\u00f6zlettel,<\/p>\n<p><i>Gomb\u00e1r Erzs\u00e9bet<\/i><\/p>\n<\/div>\n<div dir=\"ltr\"><i>int\u00e9zm\u00e9nyvezet\u0151<\/i><\/div>\n<\/div>\n<\/div>\n<\/div>\n<\/div>\n<\/div>\n<\/div>\n<p>&nbsp;<\/p>\n<div>\n<p style=\"float: right;\"><span style=\"font-size: 16px; font-family: 'Raleway', sans-serif;\">Budapest, 2020.m\u00e1rcius 12.<br \/>\n<\/span><\/p>\n<\/div>\n<\/section>\n<\/div>\n","protected":false},"excerpt":{"rendered":"<p>Tisztelt Sz\u00fcl\u0151k! A koronav\u00edrus-j\u00e1rv\u00e1nyra val\u00f3 tekintettel a beiskol\u00e1z\u00e1shoz kapcsol\u00f3d\u00f3 rendezv\u00e9nyeink: ny\u00edlt napok, Sz\u00fcl\u0151i F\u00f3rum, bemutat\u00f3 \u00f3r\u00e1k tov\u00e1bbi rendelkez\u00e9sig elmaradnak. \u00dcdv\u00f6zlettel, Gomb\u00e1r Erzs\u00e9bet int\u00e9zm\u00e9nyvezet\u0151 &nbsp; Budapest, 2020.m\u00e1rcius 12.<\/p>\n","protected":false},"author":1,"featured_media":0,"comment_status":"closed","ping_status":"open","sticky":false,"template":"","format":"standard","meta":{"_jetpack_memberships_contains_paid_content":false,"footnotes":""},"categories":[42],"tags":[],"class_list":["post-916","post","type-post","status-publish","format-standard","hentry","category-2020-hirarchivum"],"jetpack_featured_media_url":"","jetpack_sharing_enabled":true,"_links":{"self":[{"href":"https:\/\/mezosuli.hu\/index.php?rest_route=\/wp\/v2\/posts\/916","targetHints":{"allow":["GET"]}}],"collection":[{"href":"https:\/\/mezosuli.hu\/index.php?rest_route=\/wp\/v2\/posts"}],"about":[{"href":"https:\/\/mezosuli.hu\/index.php?rest_route=\/wp\/v2\/types\/post"}],"author":[{"embeddable":true,"href":"https:\/\/mezosuli.hu\/index.php?rest_route=\/wp\/v2\/users\/1"}],"replies":[{"embeddable":true,"href":"https:\/\/mezosuli.hu\/index.php?rest_route=%2Fwp%2Fv2%2Fcomments&post=916"}],"version-history":[{"count":2,"href":"https:\/\/mezosuli.hu\/index.php?rest_route=\/wp\/v2\/posts\/916\/revisions"}],"predecessor-version":[{"id":3491,"href":"https:\/\/mezosuli.hu\/index.php?rest_route=\/wp\/v2\/posts\/916\/revisions\/3491"}],"wp:attachment":[{"href":"https:\/\/mezosuli.hu\/index.php?rest_route=%2Fwp%2Fv2%2Fmedia&parent=916"}],"wp:term":[{"taxonomy":"category","embeddable":true,"href":"https:\/\/mezosuli.hu\/index.php?rest_route=%2Fwp%2Fv2%2Fcategories&post=916"},{"taxonomy":"post_tag","embeddable":true,"href":"https:\/\/mezosuli.hu\/index.php?rest_route=%2Fwp%2Fv2%2Ftags&post=916"}],"curies":[{"name":"wp","href":"https:\/\/api.w.org\/{rel}","templated":true}]}}