{"id":919,"date":"2020-03-15T08:14:41","date_gmt":"2020-03-15T07:14:41","guid":{"rendered":"https:\/\/uj.mezosuli.hu\/?p=919"},"modified":"2026-03-20T12:01:10","modified_gmt":"2026-03-20T11:01:10","slug":"koronavirus-8","status":"publish","type":"post","link":"https:\/\/mezosuli.hu\/?p=919","title":{"rendered":"Koronav\u00edrus &#8211; t\u00e1j\u00e9koztat\u00f3 2020"},"content":{"rendered":"<div style=\"font-family: 'Raleway', sans-serif; text-align: right;\" align=\"center\">\n<section style=\"font-size: 16px;\">\n<p style=\"font-size: 16px; text-align: justify; font-family: 'Open Sans', sans-serif; font-weight: 500;\"><span style=\"color: #ff0000; font-size: 20pt; font-variant-caps: small-caps; letter-spacing: 1pt;\">Tisztelt Sz\u00fcl\u0151k!<\/span><\/p>\n<hr \/>\n<div class=\"_2zOpJb7ZbCN0X1DoeFyiYw JWNdg1hee9_Rz6bIGvG1c allowTextSelection\">\n<div>\n<div class=\"rps_c4e9\">\n<div dir=\"ltr\" style=\"text-align: left;\">\n<div style=\"text-align: left;\">\n<p>Az iskol\u00e1ban maradt <strong>tank\u00f6nyvek \u00e1tv\u00e9tel\u00e9r\u0151l, a gyerekek \u00e9tkez\u00e9s\u00e9vel kapcsolatos \u00fcgyek int\u00e9z\u00e9s\u00e9r\u0151l,<\/strong> a holnapi napon d\u00e9lel\u0151tt tudok pontos t\u00e1j\u00e9koztat\u00e1st adni, a pedag\u00f3gusokkal \u00e9s a Zugl\u00f3 \u00d6nkorm\u00e1nyzattal val\u00f3 egyeztet\u00e9s ut\u00e1n. K\u00e9rem, az elk\u00f6vetkez\u0151 id\u0151szakban, napi szinten t\u00f6bbsz\u00f6r figyelj\u00e9k az <strong>e-Kr\u00e9ta Fali\u00fajs\u00e1g bejegyz\u00e9seit, az iskola honlapj\u00e1t \u00e9s Facebook oldal\u00e1t, a Sz\u00fcl\u0151i Szervezet vezet\u0151j\u00e9nek<\/strong> t\u00e1j\u00e9koztat\u00f3 leveleit. T\u00f6bb csatorn\u00e1n k\u00f6zvet\u00edtj\u00fck ugyanazt az inform\u00e1ci\u00f3t!<\/p>\n<p><span style=\"font-size: 14pt;\">Az <strong>e-KR\u00c9TA, e-\u00fcgyint\u00e9z\u00e9s fel\u00fclet\u00e9re<\/strong> a p\u00e9nteki r\u00e9szletes haszn\u00e1lati t\u00e1j\u00e9koztat\u00f3 lev\u00e9l alapj\u00e1n k\u00e9rem, jelentkezzenek be, mert az egyik legfontosabb kommunik\u00e1ci\u00f3s csatorn\u00e1nk lesz a kialakult, rendk\u00edv\u00fcli helyzetben.<\/span><\/p>\n<p>Ha gondjuk t\u00e1mad a bejelentkez\u00e9ssel kapcsolatban h\u00e9tf\u0151n 13-15 \u00f3ra, kedd 13-14 \u00f3ra k\u00f6z\u00f6tt iskolatitk\u00e1runk telefonon rendelkez\u00e9s\u00fckre \u00e1ll, <strong><em>de csak a jelzett id\u0151ben<\/em>. K\u00e9rem, tarts\u00e1k tiszteletben az \u00e1ltalunk meghat\u00e1rozott id\u0151pontokat minden esetben!<\/strong><\/p>\n<p>T\u00fcrelm\u00fcket \u00e9s egy\u00fcttm\u0171k\u00f6d\u00e9s\u00fcket k\u00e9rem!<\/p>\n<p>\u00dcdv\u00f6zlettel: Gomb\u00e1r Erzs\u00e9bet<\/p>\n<p>int\u00e9zm\u00e9nyvezet\u0151<span style=\"font-size: 16px; font-family: 'Raleway', sans-serif;\"><br \/>\n<\/span><\/p>\n<\/div>\n<\/div>\n<\/div>\n<\/div>\n<\/div>\n<\/section>\n<\/div>\n","protected":false},"excerpt":{"rendered":"<p>Tisztelt Sz\u00fcl\u0151k! Az iskol\u00e1ban maradt tank\u00f6nyvek \u00e1tv\u00e9tel\u00e9r\u0151l, a gyerekek \u00e9tkez\u00e9s\u00e9vel kapcsolatos \u00fcgyek int\u00e9z\u00e9s\u00e9r\u0151l, a holnapi napon d\u00e9lel\u0151tt tudok pontos t\u00e1j\u00e9koztat\u00e1st adni, a pedag\u00f3gusokkal \u00e9s a Zugl\u00f3 \u00d6nkorm\u00e1nyzattal val\u00f3 egyeztet\u00e9s ut\u00e1n.&hellip;<\/p>\n","protected":false},"author":1,"featured_media":0,"comment_status":"closed","ping_status":"open","sticky":false,"template":"","format":"standard","meta":{"_jetpack_memberships_contains_paid_content":false,"footnotes":""},"categories":[42],"tags":[],"class_list":["post-919","post","type-post","status-publish","format-standard","hentry","category-2020-hirarchivum"],"jetpack_featured_media_url":"","jetpack_sharing_enabled":true,"_links":{"self":[{"href":"https:\/\/mezosuli.hu\/index.php?rest_route=\/wp\/v2\/posts\/919","targetHints":{"allow":["GET"]}}],"collection":[{"href":"https:\/\/mezosuli.hu\/index.php?rest_route=\/wp\/v2\/posts"}],"about":[{"href":"https:\/\/mezosuli.hu\/index.php?rest_route=\/wp\/v2\/types\/post"}],"author":[{"embeddable":true,"href":"https:\/\/mezosuli.hu\/index.php?rest_route=\/wp\/v2\/users\/1"}],"replies":[{"embeddable":true,"href":"https:\/\/mezosuli.hu\/index.php?rest_route=%2Fwp%2Fv2%2Fcomments&post=919"}],"version-history":[{"count":2,"href":"https:\/\/mezosuli.hu\/index.php?rest_route=\/wp\/v2\/posts\/919\/revisions"}],"predecessor-version":[{"id":3456,"href":"https:\/\/mezosuli.hu\/index.php?rest_route=\/wp\/v2\/posts\/919\/revisions\/3456"}],"wp:attachment":[{"href":"https:\/\/mezosuli.hu\/index.php?rest_route=%2Fwp%2Fv2%2Fmedia&parent=919"}],"wp:term":[{"taxonomy":"category","embeddable":true,"href":"https:\/\/mezosuli.hu\/index.php?rest_route=%2Fwp%2Fv2%2Fcategories&post=919"},{"taxonomy":"post_tag","embeddable":true,"href":"https:\/\/mezosuli.hu\/index.php?rest_route=%2Fwp%2Fv2%2Ftags&post=919"}],"curies":[{"name":"wp","href":"https:\/\/api.w.org\/{rel}","templated":true}]}}