{"id":920,"date":"2020-03-16T13:18:38","date_gmt":"2020-03-16T12:18:38","guid":{"rendered":"https:\/\/uj.mezosuli.hu\/?p=920"},"modified":"2026-03-20T11:57:50","modified_gmt":"2026-03-20T10:57:50","slug":"koronavirus-9","status":"publish","type":"post","link":"https:\/\/mezosuli.hu\/?p=920","title":{"rendered":"Koronav\u00edrus -t\u00e1j\u00e9koztat\u00f3 2020.03."},"content":{"rendered":"<div style=\"font-family: 'Raleway', sans-serif; text-align: right;\" align=\"center\">\n<section style=\"font-size: 16px;\">\n<p style=\"font-size: 16px; text-align: justify; font-family: 'Open Sans', sans-serif; font-weight: 500;\"><span style=\"color: #ff0000; font-size: 20pt; font-variant-caps: small-caps; letter-spacing: 1pt;\">T\u00e1j\u00e9koztat\u00e1s<\/span><\/p>\n<hr \/>\n<div class=\"_2zOpJb7ZbCN0X1DoeFyiYw JWNdg1hee9_Rz6bIGvG1c allowTextSelection\">\n<div>\n<div class=\"rps_c4e9\">\n<div dir=\"ltr\" style=\"text-align: left;\">\n<div style=\"text-align: left;\">\n<p><span style=\"font-size: 14pt;\"><strong>Tisztelt Sz\u00fcl\u0151k!<\/strong><\/span><\/p>\n<p>&nbsp;<\/p>\n<p><span style=\"text-decoration: underline;\"><strong>\u00c9tkez\u00e9s:<\/strong><\/span><\/p>\n<p>A m\u00e1rcius havi befizetett \u00e9tkez\u00e9s Zugl\u00f3 \u00d6nkorm\u00e1nyzat\u00e1val egyeztetve mindenkinek k\u00f6zpontilag lemond\u00e1sra ker\u00fclt.<\/p>\n<p>A befizetett \u00e1prilisi \u00e9tkez\u00e9ssel kapcsolatban nem kaptunk m\u00e9g hiteles inform\u00e1ci\u00f3t, amint birtok\u00e1ban lesz\u00fcnk, tov\u00e1bb\u00edtjuk.<\/p>\n<p>&nbsp;<\/p>\n<p><span style=\"text-decoration: underline;\"><strong>Taneszk\u00f6z\u00f6k kiad\u00e1sa:<\/strong><\/span><\/p>\n<ol start=\"2020\">\n<li><strong> 03.17-\u00e9n reggel 7.00-8.00 k\u00f6z\u00f6tt<\/strong> \u00e9s d\u00e9lut\u00e1n <strong>16.00-17.00 k\u00f6z\u00f6tt<\/strong> \u00e1tvehet\u0151k a tanul\u00f3k tanul\u00e1shoz sz\u00fcks\u00e9ges iskol\u00e1ban maradt tank\u00f6nyvei.<\/li>\n<\/ol>\n<p><strong>Csak a fenti id\u0151pontban van lehet\u0151s\u00e9g a tanszerek \u00e1tv\u00e9tel\u00e9re!<\/strong><\/p>\n<p>A tornafelszerel\u00e9s, v\u00e1lt\u00f3cip\u00f3 \u00e9s egy\u00e9b ruhadarab \u00e1tad\u00e1s\u00e1t nem tudjuk biztos\u00edtani.<\/p>\n<p>Az \u00e1tv\u00e9tel menete: a koll\u00e9g\u00e1k n\u00e9vre sz\u00f3l\u00f3an, egy csomagban gy\u0171jtik \u00f6ssze a tanul\u00f3k tanszereit, amit \u00d6n\u00f6k, vagy a gyermek a fenti id\u0151pontban a bej\u00e1rat el\u0151tt \u00e1tvehet.<\/p>\n<p>Meg\u00e9rt\u00e9s\u00fcket k\u00e9rj\u00fck, ami\u00e9rt a j\u00e1rv\u00e1nyhelyzet miatt nem j\u00f6hetnek be az \u00e9p\u00fcletbe.<\/p>\n<p>&nbsp;<\/p>\n<p><span style=\"text-decoration: underline;\"><strong>Informatikai eszk\u00f6z\u00f6k<\/strong>:<\/span><\/p>\n<p>Informatikai eszk\u00f6zt nem \u00e1ll m\u00f3dunkban a gyerekek r\u00e9sz\u00e9re adni. Igyeksz\u00fcnk az online tan\u00edt\u00e1st \u00fagy megoldani, hogy okostelefonon k\u00f6vethet\u0151 legyen a tananyag.<\/p>\n<p>Szem\u00e9lyes tan\u00e1cs: a Facebook oldalon rengeteg felaj\u00e1nl\u00e1s t\u00f6rt\u00e9nt az elm\u00falt napokban, ingyenes internetbek\u00f6t\u00e9s, informatikai eszk\u00f6z-k\u00f6lcs\u00f6nz\u00e9s \u00e9s felaj\u00e1nl\u00e1s t\u00e9m\u00e1ban.<\/p>\n<p>Javaslom, keress\u00e9k a fel\u00fcletet \u00e9s \u00e9ljenek a lehet\u0151s\u00e9ggel.<\/p>\n<p>Az Innov\u00e1ci\u00f3s \u00e9s Technol\u00f3giai Miniszt\u00e9rium k\u00f6zl\u00e9se szerint a mobilszolg\u00e1ltat\u00f3k, a Telekom, a Telenor \u00e9s a Vodafone is biztos\u00edtja, hogy a KR\u00c9TA rendszer mobilinternetes el\u00e9r\u00e9se ne terhelje az adatforgalmi keretet.<\/p>\n<p>&nbsp;<\/p>\n<p><span style=\"text-decoration: underline;\"><strong>\u00dcgyelet:<\/strong><\/span><\/p>\n<p>Jelenleg egyetlen gyereknek sem kell \u00fcgyeletet biztos\u00edtanunk.<\/p>\n<p>&nbsp;<\/p>\n<p>K\u00f6sz\u00f6nj\u00fck az egy\u00fcttm\u0171k\u00f6d\u0151 seg\u00edts\u00e9g\u00fcket!<\/p>\n<p>&nbsp;<\/p>\n<p>A mai napon t\u00e1j\u00e9koztat\u00e1st kapnak az online tanul\u00e1s megszervez\u00e9s\u00e9nek kereteir\u0151l \u00e9s m\u00f3dj\u00e1r\u00f3l.<\/p>\n<p>Budapest, 2020.03.16.<\/p>\n<p>\u00dcdv\u00f6zlettel:<\/p>\n<p>Gomb\u00e1r Erzs\u00e9bet<\/p>\n<p>int\u00e9zm\u00e9nyvezet\u0151<\/p>\n<\/div>\n<\/div>\n<\/div>\n<\/div>\n<\/div>\n<\/section>\n<\/div>\n","protected":false},"excerpt":{"rendered":"<p>T\u00e1j\u00e9koztat\u00e1s Tisztelt Sz\u00fcl\u0151k! &nbsp; \u00c9tkez\u00e9s: A m\u00e1rcius havi befizetett \u00e9tkez\u00e9s Zugl\u00f3 \u00d6nkorm\u00e1nyzat\u00e1val egyeztetve mindenkinek k\u00f6zpontilag lemond\u00e1sra ker\u00fclt. A befizetett \u00e1prilisi \u00e9tkez\u00e9ssel kapcsolatban nem kaptunk m\u00e9g hiteles inform\u00e1ci\u00f3t, amint birtok\u00e1ban lesz\u00fcnk,&hellip;<\/p>\n","protected":false},"author":1,"featured_media":0,"comment_status":"closed","ping_status":"open","sticky":false,"template":"","format":"standard","meta":{"_jetpack_memberships_contains_paid_content":false,"footnotes":""},"categories":[42],"tags":[],"class_list":["post-920","post","type-post","status-publish","format-standard","hentry","category-2020-hirarchivum"],"jetpack_featured_media_url":"","jetpack_sharing_enabled":true,"_links":{"self":[{"href":"https:\/\/mezosuli.hu\/index.php?rest_route=\/wp\/v2\/posts\/920","targetHints":{"allow":["GET"]}}],"collection":[{"href":"https:\/\/mezosuli.hu\/index.php?rest_route=\/wp\/v2\/posts"}],"about":[{"href":"https:\/\/mezosuli.hu\/index.php?rest_route=\/wp\/v2\/types\/post"}],"author":[{"embeddable":true,"href":"https:\/\/mezosuli.hu\/index.php?rest_route=\/wp\/v2\/users\/1"}],"replies":[{"embeddable":true,"href":"https:\/\/mezosuli.hu\/index.php?rest_route=%2Fwp%2Fv2%2Fcomments&post=920"}],"version-history":[{"count":2,"href":"https:\/\/mezosuli.hu\/index.php?rest_route=\/wp\/v2\/posts\/920\/revisions"}],"predecessor-version":[{"id":3452,"href":"https:\/\/mezosuli.hu\/index.php?rest_route=\/wp\/v2\/posts\/920\/revisions\/3452"}],"wp:attachment":[{"href":"https:\/\/mezosuli.hu\/index.php?rest_route=%2Fwp%2Fv2%2Fmedia&parent=920"}],"wp:term":[{"taxonomy":"category","embeddable":true,"href":"https:\/\/mezosuli.hu\/index.php?rest_route=%2Fwp%2Fv2%2Fcategories&post=920"},{"taxonomy":"post_tag","embeddable":true,"href":"https:\/\/mezosuli.hu\/index.php?rest_route=%2Fwp%2Fv2%2Ftags&post=920"}],"curies":[{"name":"wp","href":"https:\/\/api.w.org\/{rel}","templated":true}]}}