{"id":925,"date":"2020-03-19T16:38:47","date_gmt":"2020-03-19T15:38:47","guid":{"rendered":"https:\/\/uj.mezosuli.hu\/?p=925"},"modified":"2026-03-20T11:30:06","modified_gmt":"2026-03-20T10:30:06","slug":"koronavirus-13","status":"publish","type":"post","link":"https:\/\/mezosuli.hu\/?p=925","title":{"rendered":"Koronav\u00edrus inform\u00e1ci\u00f3k &#8211; ZCSSZ"},"content":{"rendered":"<div style=\"font-family: 'Raleway', sans-serif; text-align: right;\" align=\"center\">\n<section style=\"font-size: 16px;\">\n<p style=\"font-size: 16px; text-align: justify; font-family: 'Open Sans', sans-serif; font-weight: 500;\"><span style=\"color: #ff0000; font-size: 20pt; font-variant-caps: small-caps; letter-spacing: 1pt;\">Tisztelt sz\u00fcl\u0151k!<br \/>\n<\/span><\/p>\n<hr \/>\n<div class=\"_2zOpJb7ZbCN0X1DoeFyiYw JWNdg1hee9_Rz6bIGvG1c allowTextSelection\">\n<div>\n<div class=\"rps_c4e9\">\n<div dir=\"ltr\" style=\"text-align: left;\">\n<div>A <span style=\"font-size: small;\">koronav\u00edrus miatt a Zugl\u00f3i Csal\u00e1dseg\u00edt\u0151 \u00e9s Gyermekj\u00f3l\u00e9ti K\u00f6zpont (1144 Budapest, F\u00fcredi park 6.) v\u00e1ltozatlan nyitvatart\u00e1ssal v\u00e1rja \u00fcgyfeleit, de cs\u00f6kkenti alapell\u00e1t\u00e1sok m\u0171k\u00f6d\u00e9s\u00e9t.<br \/>\n\u2022\u00a0\u00a0\u00a0\u00a0\u00a0\u00a0 H\u00e9tf\u0151, kedd \u00e9s cs\u00fct\u00f6rt\u00f6ki napokon 9-18 \u00f3ra k\u00f6z\u00f6tt<br \/>\n\u2022\u00a0\u00a0\u00a0\u00a0\u00a0\u00a0 Szerd\u00e1n 9-12 \u00f3ra k\u00f6z\u00f6tt,<br \/>\n\u2022\u00a0\u00a0\u00a0\u00a0\u00a0\u00a0 P\u00e9nteken 9-15 \u00f3ra k\u00f6z\u00f6tt<br \/>\nKr\u00edzis eset\u00e9n azonnali seg\u00edts\u00e9get, tan\u00e1csad\u00e1st vagy t\u00e1j\u00e9koztat\u00e1st ny\u00fajtunk az \u00fcgyeletes csal\u00e1dseg\u00edt\u0151 szem\u00e9lyesen \u00e9s\/vagy\u00a0 telefonon: +36\/1\/364-3013.<br \/>\nNyitvatart\u00e1si id\u0151n k\u00edv\u00fcl h\u00edvhat\u00f3 a telefonos k\u00e9szenl\u00e9ti szolg\u00e1lat: +36\/70\/310-8585 (norm\u00e1l d\u00edjas). <\/span><\/div>\n<div><span style=\"font-size: small;\">\u2013Ilyen esetben lehet\u0151s\u00e9g van:<br \/>\n\u2022\u00a0\u00a0\u00a0\u00a0\u00a0\u00a0 a telefonon t\u00f6rt\u00e9n\u0151 tan\u00e1csad\u00e1sra,<br \/>\n\u2022\u00a0\u00a0\u00a0\u00a0\u00a0\u00a0 t\u00e1j\u00e9koztat\u00e1sra,<br \/>\n\u2022\u00a0\u00a0\u00a0\u00a0\u00a0\u00a0 seg\u00edts\u00e9g mozg\u00f3s\u00edt\u00e1s\u00e1ra,<br \/>\n\u2022\u00a0\u00a0\u00a0\u00a0\u00a0\u00a0 kapcsolatfelv\u00e9telre konkr\u00e9t szolg\u00e1ltat\u00f3kkal, p\u00e9ld\u00e1ul: anyaotthon, csal\u00e1dok \u00e1tmeneti otthona, rend\u0151rs\u00e9g, k\u00f3rh\u00e1z, gyermekv\u00e9delmi szakszolg\u00e1lat.<br \/>\nT\u00fck\u00f6rk\u00e9p M\u0171hely adom\u00e1nyk\u00e9r\u00e9seket (\u00e9lelmiszer, ruha, szem\u00fcveg, seg\u00e9deszk\u00f6z) teljes\u00edt a ker\u00fcleti lakosok sz\u00e1m\u00e1ra. Az ezzel kapcsolatos k\u00e9r\u00e9sek eset\u00e9n, k\u00e9rem keressenek fel.<\/span><\/div>\n<p><span style=\"font-size: small;\">\u00fcdv\u00f6zlettel:<\/span> <span style=\"font-size: small;\">Tak\u00e1csn\u00e9 Mandics Gabriella<\/span><\/p>\n<div><span style=\"font-size: small;\"> Iskolai \u00e9s \u00f3vodai szoci\u00e1lis seg\u00edt\u0151<br \/>\n+36\/70\/44-21-834<\/span><\/div>\n<\/div>\n<\/div>\n<\/div>\n<\/div>\n<\/section>\n<\/div>\n","protected":false},"excerpt":{"rendered":"<p>Tisztelt sz\u00fcl\u0151k! A koronav\u00edrus miatt a Zugl\u00f3i Csal\u00e1dseg\u00edt\u0151 \u00e9s Gyermekj\u00f3l\u00e9ti K\u00f6zpont (1144 Budapest, F\u00fcredi park 6.) v\u00e1ltozatlan nyitvatart\u00e1ssal v\u00e1rja \u00fcgyfeleit, de cs\u00f6kkenti alapell\u00e1t\u00e1sok m\u0171k\u00f6d\u00e9s\u00e9t. \u2022\u00a0\u00a0\u00a0\u00a0\u00a0\u00a0 H\u00e9tf\u0151, kedd \u00e9s cs\u00fct\u00f6rt\u00f6ki napokon&hellip;<\/p>\n","protected":false},"author":1,"featured_media":0,"comment_status":"closed","ping_status":"open","sticky":false,"template":"","format":"standard","meta":{"_jetpack_memberships_contains_paid_content":false,"footnotes":""},"categories":[42],"tags":[],"class_list":["post-925","post","type-post","status-publish","format-standard","hentry","category-2020-hirarchivum"],"jetpack_featured_media_url":"","jetpack_sharing_enabled":true,"_links":{"self":[{"href":"https:\/\/mezosuli.hu\/index.php?rest_route=\/wp\/v2\/posts\/925","targetHints":{"allow":["GET"]}}],"collection":[{"href":"https:\/\/mezosuli.hu\/index.php?rest_route=\/wp\/v2\/posts"}],"about":[{"href":"https:\/\/mezosuli.hu\/index.php?rest_route=\/wp\/v2\/types\/post"}],"author":[{"embeddable":true,"href":"https:\/\/mezosuli.hu\/index.php?rest_route=\/wp\/v2\/users\/1"}],"replies":[{"embeddable":true,"href":"https:\/\/mezosuli.hu\/index.php?rest_route=%2Fwp%2Fv2%2Fcomments&post=925"}],"version-history":[{"count":2,"href":"https:\/\/mezosuli.hu\/index.php?rest_route=\/wp\/v2\/posts\/925\/revisions"}],"predecessor-version":[{"id":3429,"href":"https:\/\/mezosuli.hu\/index.php?rest_route=\/wp\/v2\/posts\/925\/revisions\/3429"}],"wp:attachment":[{"href":"https:\/\/mezosuli.hu\/index.php?rest_route=%2Fwp%2Fv2%2Fmedia&parent=925"}],"wp:term":[{"taxonomy":"category","embeddable":true,"href":"https:\/\/mezosuli.hu\/index.php?rest_route=%2Fwp%2Fv2%2Fcategories&post=925"},{"taxonomy":"post_tag","embeddable":true,"href":"https:\/\/mezosuli.hu\/index.php?rest_route=%2Fwp%2Fv2%2Ftags&post=925"}],"curies":[{"name":"wp","href":"https:\/\/api.w.org\/{rel}","templated":true}]}}