{"id":926,"date":"2020-03-20T10:39:27","date_gmt":"2020-03-20T09:39:27","guid":{"rendered":"https:\/\/uj.mezosuli.hu\/?p=926"},"modified":"2026-03-20T11:40:02","modified_gmt":"2026-03-20T10:40:02","slug":"koronavirus-14","status":"publish","type":"post","link":"https:\/\/mezosuli.hu\/?p=926","title":{"rendered":"Iskolapszichol\u00f3gus 2020"},"content":{"rendered":"<div style=\"font-family: 'Raleway', sans-serif; text-align: right;\" align=\"center\">\n<section style=\"font-size: 16px;\">\n<p style=\"font-size: 16px; text-align: justify; font-family: 'Open Sans', sans-serif; font-weight: 500;\"><span style=\"color: #ff0000; font-size: 20pt; font-variant-caps: small-caps; letter-spacing: 1pt;\">Kedves sz\u00fcl\u0151k, tanul\u00f3k!<br \/>\n<\/span><\/p>\n<hr \/>\n<div class=\"_2zOpJb7ZbCN0X1DoeFyiYw JWNdg1hee9_Rz6bIGvG1c allowTextSelection\">\n<div>\n<div class=\"rps_c4e9\">\n<div dir=\"ltr\" style=\"text-align: left;\">\n<p>\u00a0 Az iskolapszichol\u00f3gusi ell\u00e1t\u00e1s az iskolabez\u00e1r\u00e1s id\u0151szak\u00e1ban is el\u00e9rhet\u0151 online form\u00e1ban az al\u00e1bbiak szerint:<\/p>\n<ul type=\"disc\">\n<li>Tov\u00e1bbra is konzult\u00e1lhatnak velem az\u00a0 <a href=\"mailto:orosz.adrienn@mezosuli.hu\">orosz.adrienn@mezosuli.hu<\/a> email c\u00edmen.<\/li>\n<li>\u00a0A kapcsolattart\u00e1s k\u00f6nny\u00edt\u00e9se \u00e9rdek\u00e9ben l\u00e9trehoztam a Mez\u0151s iskolapszichol\u00f3gus Facebook oldalt. Itt olyan hasznos inform\u00e1ci\u00f3kat szeretn\u00e9k megosztani \u00d6n\u00f6kkel, melyek seg\u00edtenek\u00a0\u00e1tv\u00e9szelni\u00a0az el\u0151tt\u00fck \u00e1ll\u00f3 id\u0151szakot. Ezen kereszt\u00fcl Messenger-en is el\u00e9rhetnek, el\u0151re egyeztetett id\u0151pontban vide\u00f3h\u00edv\u00e1sra is van lehet\u0151s\u00e9g.<\/li>\n<li>S\u00fcrg\u0151s esetben, kr\u00edzishelyzetben a 0670\/782-6587-es telefonsz\u00e1mon is h\u00edvhatnak.<\/li>\n<\/ul>\n<p>K\u00e9rd\u00e9seikkel, probl\u00e9m\u00e1ikkal tov\u00e1bbra is keressenek bizalommal!<\/p>\n<p>\u00dcdv\u00f6zlettel:<\/p>\n<p>Orosz Adrienn<\/p>\n<p>iskolapszichol\u00f3gus<\/p>\n<\/div>\n<\/div>\n<\/div>\n<\/div>\n<\/section>\n<\/div>\n","protected":false},"excerpt":{"rendered":"<p>Kedves sz\u00fcl\u0151k, tanul\u00f3k! \u00a0 Az iskolapszichol\u00f3gusi ell\u00e1t\u00e1s az iskolabez\u00e1r\u00e1s id\u0151szak\u00e1ban is el\u00e9rhet\u0151 online form\u00e1ban az al\u00e1bbiak szerint: Tov\u00e1bbra is konzult\u00e1lhatnak velem az\u00a0 orosz.adrienn@mezosuli.hu email c\u00edmen. \u00a0A kapcsolattart\u00e1s k\u00f6nny\u00edt\u00e9se \u00e9rdek\u00e9ben l\u00e9trehoztam&hellip;<\/p>\n","protected":false},"author":1,"featured_media":0,"comment_status":"closed","ping_status":"open","sticky":false,"template":"","format":"standard","meta":{"_jetpack_memberships_contains_paid_content":false,"footnotes":""},"categories":[42],"tags":[],"class_list":["post-926","post","type-post","status-publish","format-standard","hentry","category-2020-hirarchivum"],"jetpack_featured_media_url":"","jetpack_sharing_enabled":true,"_links":{"self":[{"href":"https:\/\/mezosuli.hu\/index.php?rest_route=\/wp\/v2\/posts\/926","targetHints":{"allow":["GET"]}}],"collection":[{"href":"https:\/\/mezosuli.hu\/index.php?rest_route=\/wp\/v2\/posts"}],"about":[{"href":"https:\/\/mezosuli.hu\/index.php?rest_route=\/wp\/v2\/types\/post"}],"author":[{"embeddable":true,"href":"https:\/\/mezosuli.hu\/index.php?rest_route=\/wp\/v2\/users\/1"}],"replies":[{"embeddable":true,"href":"https:\/\/mezosuli.hu\/index.php?rest_route=%2Fwp%2Fv2%2Fcomments&post=926"}],"version-history":[{"count":2,"href":"https:\/\/mezosuli.hu\/index.php?rest_route=\/wp\/v2\/posts\/926\/revisions"}],"predecessor-version":[{"id":3441,"href":"https:\/\/mezosuli.hu\/index.php?rest_route=\/wp\/v2\/posts\/926\/revisions\/3441"}],"wp:attachment":[{"href":"https:\/\/mezosuli.hu\/index.php?rest_route=%2Fwp%2Fv2%2Fmedia&parent=926"}],"wp:term":[{"taxonomy":"category","embeddable":true,"href":"https:\/\/mezosuli.hu\/index.php?rest_route=%2Fwp%2Fv2%2Fcategories&post=926"},{"taxonomy":"post_tag","embeddable":true,"href":"https:\/\/mezosuli.hu\/index.php?rest_route=%2Fwp%2Fv2%2Ftags&post=926"}],"curies":[{"name":"wp","href":"https:\/\/api.w.org\/{rel}","templated":true}]}}