{"id":927,"date":"2020-03-20T12:53:07","date_gmt":"2020-03-20T11:53:07","guid":{"rendered":"https:\/\/uj.mezosuli.hu\/?p=927"},"modified":"2026-03-20T11:38:47","modified_gmt":"2026-03-20T10:38:47","slug":"koronavirus-15","status":"publish","type":"post","link":"https:\/\/mezosuli.hu\/?p=927","title":{"rendered":"Koronav\u00edrus &#8211; iskola\u00fcgyelet 2020"},"content":{"rendered":"<div style=\"font-family: 'Raleway', sans-serif; text-align: right;\" align=\"center\">\n<section style=\"font-size: 16px;\">\n<p style=\"font-size: 16px; text-align: justify; font-family: 'Open Sans', sans-serif; font-weight: 500;\"><span style=\"color: #ff0000; font-size: 20pt; font-variant-caps: small-caps; letter-spacing: 1pt;\">Tisztelt sz\u00fcl\u0151k!<br \/>\n<\/span><\/p>\n<hr \/>\n<div class=\"_2zOpJb7ZbCN0X1DoeFyiYw JWNdg1hee9_Rz6bIGvG1c allowTextSelection\">\n<div>\n<div class=\"rps_c4e9\">\n<div dir=\"ltr\" style=\"text-align: left;\">\n<p>T\u00e1j\u00e9koztatom \u00d6n\u00f6ket, hogy 2020. 03.23-t\u00f3l a Tanker\u00fcleti K\u00f6zpont illet\u00e9kess\u00e9gi ter\u00fclet\u00e9n az al\u00e1bbi int\u00e9zm\u00e9nyek l\u00e1tnak el kiscsoportos \u00fcgyeletet az iskolabez\u00e1r\u00e1s ideje alatt:<\/p>\n<p><strong>Budapest XIV. Ker\u00fcleti M\u00f3ra Ferenc \u00c1ltal\u00e1nos Iskola<\/strong> C\u00edm: Budapest, \u00dajv\u00e1ros park 2, 1144<\/p>\n<p>Telefonsz\u00e1m: (06 1) 363 7421<\/p>\n<p>&nbsp;<\/p>\n<p><strong>Budapest XIV. Ker\u00fcleti N\u00e9meth Imre \u00c1ltal\u00e1nos Iskola<\/strong> C\u00edm: Budapest, Lengyel u. 23, 1148<\/p>\n<p>Telefonsz\u00e1m: (06 1) 363 3422<\/p>\n<p>&nbsp;<\/p>\n<p><strong>Budapest XIV. Ker\u00fcleti Sz\u00e9chenyi Istv\u00e1n \u00c1ltal\u00e1nos Iskola<\/strong> C\u00edm: 1147 Budapest, Telepes u. 32.<\/p>\n<p>Telefon: (+36 1) 46-00-965<\/p>\n<p>&nbsp;<\/p>\n<p><strong>Hall\u00e1ss\u00e9r\u00fcltek \u00d3vod\u00e1ja, \u00c1ltal\u00e1nos Iskol\u00e1ja, Szakiskol\u00e1ja, Egys\u00e9ges Gy\u00f3gypedag\u00f3giai M\u00f3dszertani Int\u00e9zm\u00e9nye \u00e9s Koll\u00e9giuma \u00e9s Koll\u00e9giuma<\/strong> C\u00edm: Budapest, \u00dajv\u00e1ros park 1, 1144<\/p>\n<p>Telefonsz\u00e1m: (06 1) 363 6401<\/p>\n<p>&nbsp;<\/p>\n<p>Az \u00fcgyeletre val\u00f3 jelentkez\u00e9s <em>a kijel\u00f6lt iskola<\/em> telefonsz\u00e1m\u00e1n lehets\u00e9ges<\/p>\n<p>Budapest, 2020. 03. 20.<\/p>\n<p style=\"text-align: right;\">\u00dcdv\u00f6zlettel: Gomb\u00e1r Erzs\u00e9bet<\/p>\n<p style=\"text-align: right;\">\u00a0\u00a0 int\u00e9zm\u00e9nyvezet\u0151<\/p>\n<\/div>\n<\/div>\n<\/div>\n<\/div>\n<\/section>\n<\/div>\n","protected":false},"excerpt":{"rendered":"<p>Tisztelt sz\u00fcl\u0151k! T\u00e1j\u00e9koztatom \u00d6n\u00f6ket, hogy 2020. 03.23-t\u00f3l a Tanker\u00fcleti K\u00f6zpont illet\u00e9kess\u00e9gi ter\u00fclet\u00e9n az al\u00e1bbi int\u00e9zm\u00e9nyek l\u00e1tnak el kiscsoportos \u00fcgyeletet az iskolabez\u00e1r\u00e1s ideje alatt: Budapest XIV. Ker\u00fcleti M\u00f3ra Ferenc \u00c1ltal\u00e1nos Iskola&hellip;<\/p>\n","protected":false},"author":1,"featured_media":0,"comment_status":"closed","ping_status":"open","sticky":false,"template":"","format":"standard","meta":{"_jetpack_memberships_contains_paid_content":false,"footnotes":""},"categories":[42],"tags":[],"class_list":["post-927","post","type-post","status-publish","format-standard","hentry","category-2020-hirarchivum"],"jetpack_featured_media_url":"","jetpack_sharing_enabled":true,"_links":{"self":[{"href":"https:\/\/mezosuli.hu\/index.php?rest_route=\/wp\/v2\/posts\/927","targetHints":{"allow":["GET"]}}],"collection":[{"href":"https:\/\/mezosuli.hu\/index.php?rest_route=\/wp\/v2\/posts"}],"about":[{"href":"https:\/\/mezosuli.hu\/index.php?rest_route=\/wp\/v2\/types\/post"}],"author":[{"embeddable":true,"href":"https:\/\/mezosuli.hu\/index.php?rest_route=\/wp\/v2\/users\/1"}],"replies":[{"embeddable":true,"href":"https:\/\/mezosuli.hu\/index.php?rest_route=%2Fwp%2Fv2%2Fcomments&post=927"}],"version-history":[{"count":2,"href":"https:\/\/mezosuli.hu\/index.php?rest_route=\/wp\/v2\/posts\/927\/revisions"}],"predecessor-version":[{"id":3439,"href":"https:\/\/mezosuli.hu\/index.php?rest_route=\/wp\/v2\/posts\/927\/revisions\/3439"}],"wp:attachment":[{"href":"https:\/\/mezosuli.hu\/index.php?rest_route=%2Fwp%2Fv2%2Fmedia&parent=927"}],"wp:term":[{"taxonomy":"category","embeddable":true,"href":"https:\/\/mezosuli.hu\/index.php?rest_route=%2Fwp%2Fv2%2Fcategories&post=927"},{"taxonomy":"post_tag","embeddable":true,"href":"https:\/\/mezosuli.hu\/index.php?rest_route=%2Fwp%2Fv2%2Ftags&post=927"}],"curies":[{"name":"wp","href":"https:\/\/api.w.org\/{rel}","templated":true}]}}