{"id":960,"date":"2020-03-27T15:28:57","date_gmt":"2020-03-27T14:28:57","guid":{"rendered":"https:\/\/uj.mezosuli.hu\/?p=960"},"modified":"2026-03-20T11:36:06","modified_gmt":"2026-03-20T10:36:06","slug":"koronavirus-17","status":"publish","type":"post","link":"https:\/\/mezosuli.hu\/?p=960","title":{"rendered":"\u00c9tkez\u00e9s 2020"},"content":{"rendered":"<div style=\"font-family: 'Raleway', sans-serif; text-align: right;\" align=\"center\">\n<section style=\"font-size: 16px;\">\n<p style=\"font-size: 16px; text-align: justify; font-family: 'Open Sans', sans-serif; font-weight: 500;\"><span style=\"color: #ff0000; font-size: 20pt; font-variant-caps: small-caps; letter-spacing: 1pt;\">\u00c1prilisi \u00e9tkez\u00e9s!<br \/>\n<\/span><\/p>\n<hr \/>\n<div class=\"_2zOpJb7ZbCN0X1DoeFyiYw JWNdg1hee9_Rz6bIGvG1c allowTextSelection\">\n<div>\n<div class=\"rps_c4e9\">\n<div dir=\"ltr\" style=\"text-align: left;\">\n<div>\n<p><strong>Tisztelt Sz\u00fcl\u0151k!<\/strong><\/p>\n<p>Minden tanul\u00f3 \u00e1prilisi \u00e9tkez\u00e9se k\u00f6zpontilag lemond\u00e1sra ker\u00fcl.<\/p>\n<p>Az al\u00e1bbiakban meghat\u00e1rozottak szerint, aki m\u00e9gis ig\u00e9nyli az \u00e1prilisi \u00e9tkez\u00e9st, az m\u00e1rcius 30-\u00e1n, 12 \u00f3r\u00e1ig e-mailben (<a id=\"LPlnk502414\" href=\"mailto:titkar@mezosuli.hu\" target=\"_blank\" rel=\"noopener noreferrer\" data-auth=\"NotApplicable\">titkar@mezosuli.hu<\/a>) jelezze.<\/p>\n<p>Mindenki az eddigi befizet\u00e9si k\u00e9relme szerint kaphatja az egyszeri, k\u00e9tszeri, vagy h\u00e1romszori \u00e9tkez\u00e9st. 2020. \u00e1prilis 1-t\u0151l a M\u00f3ra Ferenc \u00c1ltal\u00e1nos Iskol\u00e1ban lehet \u00e1tvenni csak elvitelre, helyben fogyaszt\u00e1sra nincs lehet\u0151s\u00e9g.<\/p>\n<p>Int\u00e9zm\u00e9nyi gyermek\u00e9tkeztet\u00e9s hat\u00e1lyos szab\u00e1lyoz\u00e1sa szerint ingyenes \u00e9s kedvezm\u00e9nyes ig\u00e9nybev\u00e9telt tov\u00e1bbra is biztos\u00edt az \u00f6nkorm\u00e1nyzat az arra jogosultaknak, melyet a M\u00f3ra Ferenc \u00c1ltal\u00e1nos Iskol\u00e1ban lehet \u00e1tvenni, de csak elvitelre, 2020. \u00e1prilis 1-t\u0151l.<\/p>\n<p>Budapest, 2020.03.27.<\/p>\n<p>\u00dcdv\u00f6zlettel:<\/p>\n<p>Gomb\u00e1r Erzs\u00e9bet<\/p>\n<p>int\u00e9zm\u00e9nyvezet\u0151<\/p>\n<\/div>\n<\/div>\n<\/div>\n<\/div>\n<\/div>\n<\/section>\n<\/div>\n","protected":false},"excerpt":{"rendered":"<p>\u00c1prilisi \u00e9tkez\u00e9s! Tisztelt Sz\u00fcl\u0151k! Minden tanul\u00f3 \u00e1prilisi \u00e9tkez\u00e9se k\u00f6zpontilag lemond\u00e1sra ker\u00fcl. Az al\u00e1bbiakban meghat\u00e1rozottak szerint, aki m\u00e9gis ig\u00e9nyli az \u00e1prilisi \u00e9tkez\u00e9st, az m\u00e1rcius 30-\u00e1n, 12 \u00f3r\u00e1ig e-mailben (titkar@mezosuli.hu) jelezze. Mindenki&hellip;<\/p>\n","protected":false},"author":1,"featured_media":0,"comment_status":"closed","ping_status":"open","sticky":false,"template":"","format":"standard","meta":{"_jetpack_memberships_contains_paid_content":false,"footnotes":""},"categories":[42],"tags":[],"class_list":["post-960","post","type-post","status-publish","format-standard","hentry","category-2020-hirarchivum"],"jetpack_featured_media_url":"","jetpack_sharing_enabled":true,"_links":{"self":[{"href":"https:\/\/mezosuli.hu\/index.php?rest_route=\/wp\/v2\/posts\/960","targetHints":{"allow":["GET"]}}],"collection":[{"href":"https:\/\/mezosuli.hu\/index.php?rest_route=\/wp\/v2\/posts"}],"about":[{"href":"https:\/\/mezosuli.hu\/index.php?rest_route=\/wp\/v2\/types\/post"}],"author":[{"embeddable":true,"href":"https:\/\/mezosuli.hu\/index.php?rest_route=\/wp\/v2\/users\/1"}],"replies":[{"embeddable":true,"href":"https:\/\/mezosuli.hu\/index.php?rest_route=%2Fwp%2Fv2%2Fcomments&post=960"}],"version-history":[{"count":2,"href":"https:\/\/mezosuli.hu\/index.php?rest_route=\/wp\/v2\/posts\/960\/revisions"}],"predecessor-version":[{"id":3435,"href":"https:\/\/mezosuli.hu\/index.php?rest_route=\/wp\/v2\/posts\/960\/revisions\/3435"}],"wp:attachment":[{"href":"https:\/\/mezosuli.hu\/index.php?rest_route=%2Fwp%2Fv2%2Fmedia&parent=960"}],"wp:term":[{"taxonomy":"category","embeddable":true,"href":"https:\/\/mezosuli.hu\/index.php?rest_route=%2Fwp%2Fv2%2Fcategories&post=960"},{"taxonomy":"post_tag","embeddable":true,"href":"https:\/\/mezosuli.hu\/index.php?rest_route=%2Fwp%2Fv2%2Ftags&post=960"}],"curies":[{"name":"wp","href":"https:\/\/api.w.org\/{rel}","templated":true}]}}