{"id":979,"date":"2020-04-08T14:00:44","date_gmt":"2020-04-08T12:00:44","guid":{"rendered":"https:\/\/uj.mezosuli.hu\/?p=979"},"modified":"2026-03-17T10:52:27","modified_gmt":"2026-03-17T09:52:27","slug":"szunet-elott","status":"publish","type":"post","link":"https:\/\/mezosuli.hu\/?p=979","title":{"rendered":"Sz\u00fcnet el\u0151tt"},"content":{"rendered":"<div style=\"font-family: 'Raleway', sans-serif; text-align: left;\" align=\"center\">\n<section style=\"font-size: 16px;\">\n<p style=\"font-size: 16px; font-family: 'Open Sans', sans-serif; font-weight: 500;\"><span style=\"color: #ff6600; font-size: 20pt; font-variant-caps: small-caps; letter-spacing: 1pt;\">Tisztelt Sz\u00fcl\u0151k!<\/span><\/p>\n<hr \/>\n<\/section>\n<section><img loading=\"lazy\" decoding=\"async\" class=\" alignright size-full wp-image-978\" style=\"float: right;\" src=\"https:\/\/uj.mezosuli.hu\/wp-content\/uploads\/2020\/04\/husvet.png\" alt=\"husvet\" width=\"203\" height=\"135\" srcset=\"https:\/\/mezosuli.hu\/wp-content\/uploads\/2020\/04\/husvet.png 600w, https:\/\/mezosuli.hu\/wp-content\/uploads\/2020\/04\/husvet-300x200.png 300w\" sizes=\"auto, (max-width: 203px) 100vw, 203px\" \/><\/section>\n<section>\n<p><span style=\"font-size: 12pt;\">T\u00fal vagyunk az oktat\u00e1si \u201eDIGIT\u00c1LIS BUMM\u201d els\u0151 3 het\u00e9n. K\u00f6sz\u00f6netet szeretn\u00e9k mondani \u00d6n\u00f6knek, a gyerekek tanul\u00e1si folyamat\u00e1ban val\u00f3 seg\u00edt\u0151 egy\u00fcttm\u0171k\u00f6d\u00e9s\u00fck\u00e9rt, t\u00fcrelm\u00fck\u00e9rt, konstrukt\u00edv kritik\u00e1juk\u00e9rt, sz\u00fcl\u0151-pedag\u00f3gus szerep\u00fck\u00e9rt, ami \u00e1ltal h\u00e9tr\u0151l-h\u00e9tre letisztultabb\u00e1, kezelhet\u0151bb\u00e9 v\u00e1lt a tantermen k\u00edv\u00fcli digit\u00e1lis oktat\u00e1s folyamata.<\/span><\/p>\n<p><span style=\"font-size: 12pt;\">Kih\u00edv\u00e1s ez a jelenlegi forma sz\u00fcl\u0151nek, gyereknek, pedag\u00f3gusnak egyar\u00e1nt \u00e9s fejl\u0151dn\u00fcnk kell folyamatosan az elk\u00f6vetkez\u0151 hetekben is. Holnapt\u00f3l tavaszi sz\u00fcnet, tal\u00e1n soha nem v\u00e1rtuk ennyire, \u00edgy k\u00f6z\u00f6sen a pihen\u00e9st.<\/span><\/p>\n<p><span style=\"font-size: 12pt;\">K\u00edv\u00e1nok, &#8211; a Dr. Mez\u0151 Ferenc \u00c1ltal\u00e1nos Iskola valamennyi alkalmazottja nev\u00e9ben &#8211; minden csal\u00e1dnak, vid\u00e1m h\u00fasv\u00e9tot, sok k\u00f6z\u00f6s \u00e9lm\u00e9nyt, pihen\u00e9st \u00e9s j\u00f3 eg\u00e9szs\u00e9get!<\/span><\/p>\n<\/section>\n<section style=\"font-size: 16px;\">\u00dcdv\u00f6zlettel:<\/p>\n<p style=\"text-align: right;\">&nbsp;&nbsp;&nbsp;&nbsp;&nbsp;&nbsp;&nbsp;&nbsp;&nbsp;&nbsp;&nbsp;&nbsp; Gomb\u00e1r Erzs\u00e9bet<\/p>\n<p style=\"text-align: right;\">int\u00e9zm\u00e9nyvezet\u0151<\/p>\n<\/section>\n<\/div>\n","protected":false},"excerpt":{"rendered":"<p>Tisztelt Sz\u00fcl\u0151k! T\u00fal vagyunk az oktat\u00e1si \u201eDIGIT\u00c1LIS BUMM\u201d els\u0151 3 het\u00e9n. K\u00f6sz\u00f6netet szeretn\u00e9k mondani \u00d6n\u00f6knek, a gyerekek tanul\u00e1si folyamat\u00e1ban val\u00f3 seg\u00edt\u0151 egy\u00fcttm\u0171k\u00f6d\u00e9s\u00fck\u00e9rt, t\u00fcrelm\u00fck\u00e9rt, konstrukt\u00edv kritik\u00e1juk\u00e9rt, sz\u00fcl\u0151-pedag\u00f3gus szerep\u00fck\u00e9rt, ami \u00e1ltal h\u00e9tr\u0151l-h\u00e9tre&hellip;<\/p>\n","protected":false},"author":1,"featured_media":978,"comment_status":"closed","ping_status":"open","sticky":false,"template":"","format":"standard","meta":{"_jetpack_memberships_contains_paid_content":false,"footnotes":""},"categories":[42],"tags":[],"class_list":["post-979","post","type-post","status-publish","format-standard","has-post-thumbnail","hentry","category-2020-hirarchivum"],"jetpack_featured_media_url":"https:\/\/mezosuli.hu\/wp-content\/uploads\/2020\/04\/husvet.png","jetpack_sharing_enabled":true,"_links":{"self":[{"href":"https:\/\/mezosuli.hu\/index.php?rest_route=\/wp\/v2\/posts\/979","targetHints":{"allow":["GET"]}}],"collection":[{"href":"https:\/\/mezosuli.hu\/index.php?rest_route=\/wp\/v2\/posts"}],"about":[{"href":"https:\/\/mezosuli.hu\/index.php?rest_route=\/wp\/v2\/types\/post"}],"author":[{"embeddable":true,"href":"https:\/\/mezosuli.hu\/index.php?rest_route=\/wp\/v2\/users\/1"}],"replies":[{"embeddable":true,"href":"https:\/\/mezosuli.hu\/index.php?rest_route=%2Fwp%2Fv2%2Fcomments&post=979"}],"version-history":[{"count":1,"href":"https:\/\/mezosuli.hu\/index.php?rest_route=\/wp\/v2\/posts\/979\/revisions"}],"predecessor-version":[{"id":2587,"href":"https:\/\/mezosuli.hu\/index.php?rest_route=\/wp\/v2\/posts\/979\/revisions\/2587"}],"wp:featuredmedia":[{"embeddable":true,"href":"https:\/\/mezosuli.hu\/index.php?rest_route=\/wp\/v2\/media\/978"}],"wp:attachment":[{"href":"https:\/\/mezosuli.hu\/index.php?rest_route=%2Fwp%2Fv2%2Fmedia&parent=979"}],"wp:term":[{"taxonomy":"category","embeddable":true,"href":"https:\/\/mezosuli.hu\/index.php?rest_route=%2Fwp%2Fv2%2Fcategories&post=979"},{"taxonomy":"post_tag","embeddable":true,"href":"https:\/\/mezosuli.hu\/index.php?rest_route=%2Fwp%2Fv2%2Ftags&post=979"}],"curies":[{"name":"wp","href":"https:\/\/api.w.org\/{rel}","templated":true}]}}