{"id":991,"date":"2020-04-23T11:45:55","date_gmt":"2020-04-23T09:45:55","guid":{"rendered":"https:\/\/uj.mezosuli.hu\/?p=991"},"modified":"2026-03-17T10:52:27","modified_gmt":"2026-03-17T09:52:27","slug":"kolteszet-napja","status":"publish","type":"post","link":"https:\/\/mezosuli.hu\/?p=991","title":{"rendered":"K\u00f6lt\u00e9szet napja"},"content":{"rendered":"<div style=\"font-family: 'Raleway', sans-serif; text-align: justify;\" align=\"center\">\n<section style=\"font-size: 16px;\">\n<p style=\"font-size: 16px; font-family: 'Open Sans', sans-serif; font-weight: 500;\"><span style=\"color: #ff6600; font-size: 20pt; font-variant-caps: small-caps; letter-spacing: 1pt;\">Kedves mez\u0151s di\u00e1kok!<\/span><\/p>\n<hr \/>\n<\/section>\n<section><img loading=\"lazy\" decoding=\"async\" class=\" alignright size-full wp-image-967\" style=\"float: right;\" src=\"https:\/\/uj.mezosuli.hu\/wp-content\/uploads\/2020\/04\/kolteszet-napja-LOGO-1.jpg\" alt=\"husvet\" width=\"325\" height=\"117\" srcset=\"https:\/\/mezosuli.hu\/wp-content\/uploads\/2020\/04\/kolteszet-napja-LOGO-1.jpg 1000w, https:\/\/mezosuli.hu\/wp-content\/uploads\/2020\/04\/kolteszet-napja-LOGO-1-300x108.jpg 300w, https:\/\/mezosuli.hu\/wp-content\/uploads\/2020\/04\/kolteszet-napja-LOGO-1-768x276.jpg 768w\" sizes=\"auto, (max-width: 325px) 100vw, 325px\" \/><span style=\"font-size: 12pt;\">K\u00f6sz\u00f6nj\u00fck, hogy \u00edr\u00e1saitokkal r\u00e9szt vettetek a <strong>K\u00d6LT\u00c9SZET NAPI P\u00c1LY\u00c1ZATUNKBAN.<\/strong><\/span><\/section>\n<section>\n<p><span style=\"font-size: 12pt;\">\u00d6r\u00f6mmel olvastuk a be\u00e9rkezett m\u0171veket. Az iskola honlapj\u00e1n k\u00f6zz\u00e9tessz\u00fck valamennyit. Nagyon \u00fcgyesek vagytok! Mindannyian dics\u00e9retet \u00e9rdemeltek!<\/span><\/p>\n<p><span style=\"font-size: 12pt;\">A magyar szakos tan\u00e1rok v\u00e9lem\u00e9nye alapj\u00e1n k\u00fcl\u00f6n dics\u00e9retben \u00e9s OKLEV\u00c9LBEN r\u00e9szes\u00fclnek az al\u00e1bbi tanul\u00f3k:<\/span><\/p>\n<p><span style=\"font-size: 12pt;\">-HOMOKI LILI \/6.d<\/span><\/p>\n<p><span style=\"font-size: 12pt;\">-M\u00dcLLER SZILVIA \/7.d<\/span><\/p>\n<p><span style=\"font-size: 12pt;\">-\u00d6LVEDI GERGELY \/8.a<\/span><\/p>\n<p><span style=\"font-size: 12pt;\">A be\u00e9rkezett p\u00e1lyam\u0171vek:<\/span><\/p>\n<p><span style=\"font-size: 12pt;\"><span style=\"color: #3366ff;\"><a style=\"color: #3366ff;\" href=\"https:\/\/uj.mezosuli.hu\/wp-content\/uploads\/2020\/04\/Homoki_Lili__6d.pdf\" target=\"_blank\">Homoki Lili<\/a><\/span>, <span style=\"color: #0000ff;\"><a style=\"color: #0000ff;\" href=\"https:\/\/uj.mezosuli.hu\/wp-content\/uploads\/2020\/04\/Muller_Szilvia_7d_Aprilis_11.pdf\" target=\"_blank\">M\u00fcller Szilvia<\/a><\/span>, <span style=\"color: #3366ff;\"><a style=\"color: #3366ff;\" href=\"https:\/\/uj.mezosuli.hu\/wp-content\/uploads\/2020\/04\/Olvedi_Gergely_8a.pdf\" target=\"_blank\">\u00d6lvedi Gergely<\/a><\/span>,<span style=\"color: #0000ff;\"><a style=\"color: #0000ff;\" href=\"https:\/\/uj.mezosuli.hu\/wp-content\/uploads\/2020\/04\/Zsoldos_Daniel_6.d.pdf\" target=\"_blank\"> Zsoldos D\u00e1niel Viktor(6.d)<\/a><\/span>, <span style=\"color: #3366ff;\"><a style=\"color: #3366ff;\" href=\"https:\/\/uj.mezosuli.hu\/wp-content\/uploads\/2020\/04\/Krudy_Lilla_8a_A_vers.pdf\" target=\"_blank\">Krudy Lilla<\/a><\/span>, <span style=\"color: #0000ff;\"><a style=\"color: #0000ff;\" href=\"https:\/\/uj.mezosuli.hu\/wp-content\/uploads\/2020\/04\/Molnar_Csenge_8a.pdf\" target=\"_blank\">Moln\u00e1r Csenge<\/a><\/span>, <span style=\"color: #3366ff;\"><a style=\"color: #3366ff;\" href=\"https:\/\/uj.mezosuli.hu\/wp-content\/uploads\/2020\/04\/Sagodi_Lili_8a.pdf\" target=\"_blank\">S\u00e1godi Lili (8.a)<\/a><\/span>, <span style=\"color: #0000ff;\"><a style=\"color: #0000ff;\" href=\"https:\/\/uj.mezosuli.hu\/wp-content\/uploads\/2020\/04\/Ruskovics_Fanni.pdf\" target=\"_blank\">Ruskovics Fanni<\/a><\/span>, <span style=\"color: #3366ff;\"><a style=\"color: #3366ff;\" href=\"https:\/\/uj.mezosuli.hu\/wp-content\/uploads\/2020\/04\/Csibiri_Huszar_Andras_8.C.pdf\" target=\"_blank\">Husz\u00e1r Andr\u00e1s(8.c)<\/a><\/span>, <span style=\"color: #0000ff;\"><a style=\"color: #0000ff;\" href=\"https:\/\/uj.mezosuli.hu\/wp-content\/uploads\/2020\/04\/Modla_Julia_Lilla_8_d.pdf\" target=\"_blank\">Modla J\u00falia (8.d)<\/a><\/span><\/span><\/p>\n<\/section>\n<section style=\"font-size: 16px;\">\n<p>&nbsp;&nbsp;&nbsp;&nbsp;&nbsp;&nbsp;&nbsp;&nbsp;&nbsp;&nbsp;&nbsp;&nbsp;&nbsp;&nbsp;&nbsp;&nbsp;&nbsp;&nbsp;&nbsp;&nbsp;&nbsp;&nbsp;&nbsp;&nbsp;&nbsp;&nbsp;&nbsp;&nbsp;&nbsp;&nbsp;&nbsp;&nbsp;&nbsp;&nbsp;&nbsp;&nbsp;&nbsp;&nbsp;&nbsp;&nbsp;&nbsp;&nbsp;&nbsp;&nbsp;&nbsp;&nbsp;&nbsp;&nbsp;&nbsp;&nbsp;&nbsp;&nbsp;&nbsp;&nbsp;&nbsp;&nbsp;&nbsp;&nbsp;&nbsp;&nbsp;&nbsp;&nbsp;&nbsp;&nbsp;&nbsp;&nbsp;&nbsp;&nbsp;&nbsp;&nbsp;&nbsp;&nbsp;&nbsp;&nbsp;&nbsp;&nbsp;&nbsp;&nbsp;&nbsp;&nbsp;&nbsp;&nbsp;&nbsp;&nbsp;&nbsp;&nbsp;&nbsp;&nbsp;&nbsp;&nbsp;&nbsp;&nbsp;&nbsp;&nbsp;&nbsp;&nbsp;&nbsp;&nbsp;&nbsp;&nbsp;&nbsp;&nbsp;&nbsp;&nbsp;&nbsp;&nbsp;&nbsp;&nbsp;&nbsp;&nbsp;&nbsp;&nbsp;&nbsp;&nbsp;&nbsp;&nbsp;&nbsp;&nbsp;&nbsp;&nbsp;&nbsp;&nbsp;&nbsp;&nbsp; S\u00e1ndor Gizella, munkak\u00f6z\u00f6ss\u00e9g-vezet\u0151<\/p>\n<\/section>\n<\/div>\n","protected":false},"excerpt":{"rendered":"<p>Kedves mez\u0151s di\u00e1kok! K\u00f6sz\u00f6nj\u00fck, hogy \u00edr\u00e1saitokkal r\u00e9szt vettetek a K\u00d6LT\u00c9SZET NAPI P\u00c1LY\u00c1ZATUNKBAN. \u00d6r\u00f6mmel olvastuk a be\u00e9rkezett m\u0171veket. Az iskola honlapj\u00e1n k\u00f6zz\u00e9tessz\u00fck valamennyit. Nagyon \u00fcgyesek vagytok! Mindannyian dics\u00e9retet \u00e9rdemeltek! A magyar&hellip;<\/p>\n","protected":false},"author":1,"featured_media":967,"comment_status":"closed","ping_status":"open","sticky":false,"template":"","format":"standard","meta":{"_jetpack_memberships_contains_paid_content":false,"footnotes":""},"categories":[42],"tags":[],"class_list":["post-991","post","type-post","status-publish","format-standard","has-post-thumbnail","hentry","category-2020-hirarchivum"],"jetpack_featured_media_url":"https:\/\/mezosuli.hu\/wp-content\/uploads\/2020\/04\/kolteszet-napja-LOGO-1.jpg","jetpack_sharing_enabled":true,"_links":{"self":[{"href":"https:\/\/mezosuli.hu\/index.php?rest_route=\/wp\/v2\/posts\/991","targetHints":{"allow":["GET"]}}],"collection":[{"href":"https:\/\/mezosuli.hu\/index.php?rest_route=\/wp\/v2\/posts"}],"about":[{"href":"https:\/\/mezosuli.hu\/index.php?rest_route=\/wp\/v2\/types\/post"}],"author":[{"embeddable":true,"href":"https:\/\/mezosuli.hu\/index.php?rest_route=\/wp\/v2\/users\/1"}],"replies":[{"embeddable":true,"href":"https:\/\/mezosuli.hu\/index.php?rest_route=%2Fwp%2Fv2%2Fcomments&post=991"}],"version-history":[{"count":1,"href":"https:\/\/mezosuli.hu\/index.php?rest_route=\/wp\/v2\/posts\/991\/revisions"}],"predecessor-version":[{"id":2589,"href":"https:\/\/mezosuli.hu\/index.php?rest_route=\/wp\/v2\/posts\/991\/revisions\/2589"}],"wp:featuredmedia":[{"embeddable":true,"href":"https:\/\/mezosuli.hu\/index.php?rest_route=\/wp\/v2\/media\/967"}],"wp:attachment":[{"href":"https:\/\/mezosuli.hu\/index.php?rest_route=%2Fwp%2Fv2%2Fmedia&parent=991"}],"wp:term":[{"taxonomy":"category","embeddable":true,"href":"https:\/\/mezosuli.hu\/index.php?rest_route=%2Fwp%2Fv2%2Fcategories&post=991"},{"taxonomy":"post_tag","embeddable":true,"href":"https:\/\/mezosuli.hu\/index.php?rest_route=%2Fwp%2Fv2%2Ftags&post=991"}],"curies":[{"name":"wp","href":"https:\/\/api.w.org\/{rel}","templated":true}]}}