{"id":995,"date":"2020-04-30T14:33:36","date_gmt":"2020-04-30T12:33:36","guid":{"rendered":"https:\/\/uj.mezosuli.hu\/?p=995"},"modified":"2026-03-17T10:52:27","modified_gmt":"2026-03-17T09:52:27","slug":"zeneiskolai-beiratkozas","status":"publish","type":"post","link":"https:\/\/mezosuli.hu\/?p=995","title":{"rendered":"Zeneiskolai beiratkoz\u00e1s"},"content":{"rendered":"<div style=\"font-family: 'Raleway', sans-serif; text-align: left;\" align=\"center\">\n<section style=\"font-size: 16px;\">\n<p style=\"font-size: 16px; font-family: 'Open Sans', sans-serif; font-weight: 500;\"><span style=\"color: #ff6600; font-size: 20pt; font-variant-caps: small-caps; letter-spacing: 1pt;\"><b>T\u00e1j\u00e9koztat\u00e1s zeneiskolai beiratkoz\u00e1sr\u00f3l<\/b>!<\/span><\/p>\n<hr \/>\n<p>A beiratkoz\u00e1s 2020-ban online lehets\u00e9ges a&nbsp;<a id=\"LPlnk898102\" href=\"https:\/\/www.szentistvanzene.hu\/szent-istvan-zeneiskola\/zeneiskolai-felveteli\/\" target=\"_blank\" rel=\"noopener noreferrer\" data-auth=\"NotApplicable\">https:\/\/www.szentistvanzene.hu\/szent-istvan-zeneiskola\/zeneiskolai-felveteli\/<\/a>&nbsp;el\u00e9rhet\u0151s\u00e9gen.<\/p>\n<p>K\u00e9rd\u00e9seikkel keress\u00e9k a&nbsp;Szent Istv\u00e1n Kir\u00e1ly Zenem\u0171v\u00e9szeti Szakgimn\u00e1ziumot.<\/p>\n<p>Budapest, 2020. \u00e1prilis 30.<\/section>\n<\/div>\n","protected":false},"excerpt":{"rendered":"<p>T\u00e1j\u00e9koztat\u00e1s zeneiskolai beiratkoz\u00e1sr\u00f3l! A beiratkoz\u00e1s 2020-ban online lehets\u00e9ges a&nbsp;https:\/\/www.szentistvanzene.hu\/szent-istvan-zeneiskola\/zeneiskolai-felveteli\/&nbsp;el\u00e9rhet\u0151s\u00e9gen. K\u00e9rd\u00e9seikkel keress\u00e9k a&nbsp;Szent Istv\u00e1n Kir\u00e1ly Zenem\u0171v\u00e9szeti Szakgimn\u00e1ziumot. Budapest, 2020. \u00e1prilis 30.<\/p>\n","protected":false},"author":1,"featured_media":0,"comment_status":"closed","ping_status":"open","sticky":false,"template":"","format":"standard","meta":{"_jetpack_memberships_contains_paid_content":false,"footnotes":""},"categories":[42],"tags":[],"class_list":["post-995","post","type-post","status-publish","format-standard","hentry","category-2020-hirarchivum"],"jetpack_featured_media_url":"","jetpack_sharing_enabled":true,"_links":{"self":[{"href":"https:\/\/mezosuli.hu\/index.php?rest_route=\/wp\/v2\/posts\/995","targetHints":{"allow":["GET"]}}],"collection":[{"href":"https:\/\/mezosuli.hu\/index.php?rest_route=\/wp\/v2\/posts"}],"about":[{"href":"https:\/\/mezosuli.hu\/index.php?rest_route=\/wp\/v2\/types\/post"}],"author":[{"embeddable":true,"href":"https:\/\/mezosuli.hu\/index.php?rest_route=\/wp\/v2\/users\/1"}],"replies":[{"embeddable":true,"href":"https:\/\/mezosuli.hu\/index.php?rest_route=%2Fwp%2Fv2%2Fcomments&post=995"}],"version-history":[{"count":1,"href":"https:\/\/mezosuli.hu\/index.php?rest_route=\/wp\/v2\/posts\/995\/revisions"}],"predecessor-version":[{"id":2592,"href":"https:\/\/mezosuli.hu\/index.php?rest_route=\/wp\/v2\/posts\/995\/revisions\/2592"}],"wp:attachment":[{"href":"https:\/\/mezosuli.hu\/index.php?rest_route=%2Fwp%2Fv2%2Fmedia&parent=995"}],"wp:term":[{"taxonomy":"category","embeddable":true,"href":"https:\/\/mezosuli.hu\/index.php?rest_route=%2Fwp%2Fv2%2Fcategories&post=995"},{"taxonomy":"post_tag","embeddable":true,"href":"https:\/\/mezosuli.hu\/index.php?rest_route=%2Fwp%2Fv2%2Ftags&post=995"}],"curies":[{"name":"wp","href":"https:\/\/api.w.org\/{rel}","templated":true}]}}